{"id":1093,"date":"2024-12-13T03:17:33","date_gmt":"2024-12-13T03:17:33","guid":{"rendered":"https:\/\/polisecuador.org\/?p=1093"},"modified":"2025-06-23T03:18:48","modified_gmt":"2025-06-23T03:18:48","slug":"bielaconproposito-junto-a-niels-olsen","status":"publish","type":"post","link":"https:\/\/polisecuador.org\/en\/2024\/12\/13\/bielaconproposito-junto-a-niels-olsen\/","title":{"rendered":"#BielaConProp\u00f3sito next to Niels Olsen"},"content":{"rendered":"<p>The past&nbsp;<strong>December 13, 2024<\/strong>in the framework of the election campaign,&nbsp;<strong>Polis \u2013 Academy Training Policy<\/strong>in partnership with the&nbsp;<strong>University Institute San Isidro<\/strong>held a new meeting of its series&nbsp;<em>Connecting rod with Purpose<\/em>again , this time with the participation of the&nbsp;<strong>candidate assemblyman Niels Olsen<\/strong>.<\/p>\n\n\n\n<p>The event brought together more than&nbsp;<strong>100 attendees<\/strong>among them students of the Instituto San Isidro, members of the Polis, representatives from allied organizations, the authorities of Azuay and citizenship interested in learning about the proposals of those who seek to reach the National Assembly. In a relaxed but deep political content,&nbsp;<em>Connecting rod with Purpose<\/em>&nbsp;he returned to establish itself as a space of listening and dialogue with those who aspire to public office.<\/p>\n\n\n\n<p>The day was structured in&nbsp;<strong>three thematic panels<\/strong>moderated by our Director General,&nbsp;<strong>Jeremias Tama<\/strong>, and counted with the participation of young leaders as&nbsp;<strong>Juan Javier Dom\u00ednguez, Bel\u00e9n Garc\u00eda, Jorge Amaya, Gabriela Jaramillo, Andres Coronel Felipe Palacios and Christian Heras<\/strong>. Each panel focused on one of the following topics:<\/p>\n\n\n\n<p>\ud83d\udd10&nbsp;<strong>Safety:<\/strong>&nbsp;Structural challenges, a preventive approach, justice and territorial control.<\/p>\n\n\n\n<p>\ud83c\udf0d&nbsp;<strong>Tourism:<\/strong>&nbsp;Local potential, sustainability, opportunities for youth and employability.<\/p>\n\n\n\n<p>\ud83c\udfdb\ufe0f&nbsp;<strong>Decentralization:<\/strong>&nbsp;Strengthening of local power, efficiency in public spending and territorial representation.<\/p>\n\n\n\n<p>Through direct questions and reflective, the panelists were able to generate an open discussion with the candidate, who listened with attention and exchanged ideas with the participants. This exercise reaffirmed the spirit of&nbsp;<em>Connecting rod with Purpose<\/em>: to build bridges between the youth and the institutional politics from the deliberation critical.<\/p>\n\n\n\n<p>\ud83d\udcf8 The photo coverage of the event was in charge of\u00a0<strong>David Mosquera<\/strong>. You can review the content on our Instagram.<\/p>\n\n\n\n<p>With this meeting,&nbsp;<strong>Polis continues to democratise the access to political thought<\/strong>to create spaces where the young citizenship can listen to and challenge those who aspire to represent it. Because just listening, contrasting and participating, we can strengthen democracy from their bases.<\/p>\n<span class=\"et_bloom_bottom_trigger\"><\/span>","protected":false},"excerpt":{"rendered":"<p>El pasado 13 de diciembre, Polis y el Instituto San Isidro reunieron a m\u00e1s de 100 personas en un nuevo Biela con Prop\u00f3sito junto al candidato Niels Olsen para debatir sobre seguridad, turismo y descentralizaci\u00f3n.<\/p>","protected":false},"author":1,"featured_media":1094,"comment_status":"open","ping_status":"open","sticky":false,"template":"","format":"standard","meta":{"_acf_changed":false,"_et_pb_use_builder":"off","_et_pb_old_content":"","_et_gb_content_width":"","footnotes":""},"categories":[1],"tags":[],"class_list":["post-1093","post","type-post","status-publish","format-standard","has-post-thumbnail","hentry","category-noticias-polis"],"pp_statuses_selecting_workflow":false,"pp_workflow_action":"current","pp_status_selection":"publish","acf":[],"yoast_head":"<!-- This site is optimized with the Yoast SEO plugin v27.5 - https:\/\/yoast.com\/product\/yoast-seo-wordpress\/ -->\n<title>#BielaConProp\u00f3sito junto a Niels Olsen - Polis Ecuador<\/title>\n<meta name=\"description\" content=\"El pasado 13 de diciembre, Polis y el Instituto San Isidro reunieron a m\u00e1s de 100 personas en un nuevo Biela con Prop\u00f3sito junto al candidato Niels Olsen para debatir sobre seguridad, turismo y descentralizaci\u00f3n.\" \/>\n<meta name=\"robots\" content=\"index, follow, max-snippet:-1, max-image-preview:large, max-video-preview:-1\" \/>\n<link rel=\"canonical\" href=\"https:\/\/polisecuador.org\/en\/2024\/12\/13\/bielaconproposito-junto-a-niels-olsen\/\" \/>\n<meta property=\"og:locale\" content=\"en_US\" \/>\n<meta property=\"og:type\" content=\"article\" \/>\n<meta property=\"og:title\" content=\"#BielaConProp\u00f3sito junto a Niels Olsen - Polis Ecuador\" \/>\n<meta property=\"og:description\" content=\"El pasado 13 de diciembre, Polis y el Instituto San Isidro reunieron a m\u00e1s de 100 personas en un nuevo Biela con Prop\u00f3sito junto al candidato Niels Olsen para debatir sobre seguridad, turismo y descentralizaci\u00f3n.\" \/>\n<meta property=\"og:url\" content=\"https:\/\/polisecuador.org\/en\/2024\/12\/13\/bielaconproposito-junto-a-niels-olsen\/\" \/>\n<meta property=\"og:site_name\" content=\"Polis Ecuador\" \/>\n<meta property=\"article:publisher\" content=\"https:\/\/www.facebook.com\/polisecuador\" \/>\n<meta property=\"article:published_time\" content=\"2024-12-13T03:17:33+00:00\" \/>\n<meta property=\"article:modified_time\" content=\"2025-06-23T03:18:48+00:00\" \/>\n<meta property=\"og:image\" content=\"https:\/\/polisecuador.org\/wp-content\/uploads\/2025\/06\/Captura-de-pantalla-2025-06-22-a-las-10.12.03\u202fp.-m.png\" \/>\n\t<meta property=\"og:image:width\" content=\"1264\" \/>\n\t<meta property=\"og:image:height\" content=\"844\" \/>\n\t<meta property=\"og:image:type\" content=\"image\/png\" \/>\n<meta name=\"author\" content=\"#ConstruyendoFuturo\" \/>\n<meta name=\"twitter:card\" content=\"summary_large_image\" \/>\n<meta name=\"twitter:creator\" content=\"@polisecuador\" \/>\n<meta name=\"twitter:site\" content=\"@polisecuador\" \/>\n<meta name=\"twitter:label1\" content=\"Written by\" \/>\n\t<meta name=\"twitter:data1\" content=\"#ConstruyendoFuturo\" \/>\n\t<meta name=\"twitter:label2\" content=\"Est. reading time\" \/>\n\t<meta name=\"twitter:data2\" content=\"2 minutes\" \/>\n<script type=\"application\/ld+json\" class=\"yoast-schema-graph\">{\"@context\":\"https:\\\/\\\/schema.org\",\"@graph\":[{\"@type\":\"Article\",\"@id\":\"https:\\\/\\\/polisecuador.org\\\/2024\\\/12\\\/13\\\/bielaconproposito-junto-a-niels-olsen\\\/#article\",\"isPartOf\":{\"@id\":\"https:\\\/\\\/polisecuador.org\\\/2024\\\/12\\\/13\\\/bielaconproposito-junto-a-niels-olsen\\\/\"},\"author\":{\"name\":\"#ConstruyendoFuturo\",\"@id\":\"https:\\\/\\\/polisecuador.org\\\/#\\\/schema\\\/person\\\/4dc7b2ec4b75a49899f54862f64d0624\"},\"headline\":\"#BielaConProp\u00f3sito junto a Niels Olsen\",\"datePublished\":\"2024-12-13T03:17:33+00:00\",\"dateModified\":\"2025-06-23T03:18:48+00:00\",\"mainEntityOfPage\":{\"@id\":\"https:\\\/\\\/polisecuador.org\\\/2024\\\/12\\\/13\\\/bielaconproposito-junto-a-niels-olsen\\\/\"},\"wordCount\":362,\"commentCount\":0,\"publisher\":{\"@id\":\"https:\\\/\\\/polisecuador.org\\\/#organization\"},\"image\":{\"@id\":\"https:\\\/\\\/polisecuador.org\\\/2024\\\/12\\\/13\\\/bielaconproposito-junto-a-niels-olsen\\\/#primaryimage\"},\"thumbnailUrl\":\"https:\\\/\\\/polisecuador.org\\\/wp-content\\\/uploads\\\/2025\\\/06\\\/Captura-de-pantalla-2025-06-22-a-las-10.12.03\u202fp.-m.png\",\"articleSection\":[\"Noticias Polis\"],\"inLanguage\":\"en-US\",\"potentialAction\":[{\"@type\":\"CommentAction\",\"name\":\"Comment\",\"target\":[\"https:\\\/\\\/polisecuador.org\\\/2024\\\/12\\\/13\\\/bielaconproposito-junto-a-niels-olsen\\\/#respond\"]}]},{\"@type\":\"WebPage\",\"@id\":\"https:\\\/\\\/polisecuador.org\\\/2024\\\/12\\\/13\\\/bielaconproposito-junto-a-niels-olsen\\\/\",\"url\":\"https:\\\/\\\/polisecuador.org\\\/2024\\\/12\\\/13\\\/bielaconproposito-junto-a-niels-olsen\\\/\",\"name\":\"#BielaConProp\u00f3sito junto a Niels Olsen - Polis Ecuador\",\"isPartOf\":{\"@id\":\"https:\\\/\\\/polisecuador.org\\\/#website\"},\"primaryImageOfPage\":{\"@id\":\"https:\\\/\\\/polisecuador.org\\\/2024\\\/12\\\/13\\\/bielaconproposito-junto-a-niels-olsen\\\/#primaryimage\"},\"image\":{\"@id\":\"https:\\\/\\\/polisecuador.org\\\/2024\\\/12\\\/13\\\/bielaconproposito-junto-a-niels-olsen\\\/#primaryimage\"},\"thumbnailUrl\":\"https:\\\/\\\/polisecuador.org\\\/wp-content\\\/uploads\\\/2025\\\/06\\\/Captura-de-pantalla-2025-06-22-a-las-10.12.03\u202fp.-m.png\",\"datePublished\":\"2024-12-13T03:17:33+00:00\",\"dateModified\":\"2025-06-23T03:18:48+00:00\",\"description\":\"El pasado 13 de diciembre, Polis y el Instituto San Isidro reunieron a m\u00e1s de 100 personas en un nuevo Biela con Prop\u00f3sito junto al candidato Niels Olsen para debatir sobre seguridad, turismo y descentralizaci\u00f3n.\",\"breadcrumb\":{\"@id\":\"https:\\\/\\\/polisecuador.org\\\/2024\\\/12\\\/13\\\/bielaconproposito-junto-a-niels-olsen\\\/#breadcrumb\"},\"inLanguage\":\"en-US\",\"potentialAction\":[{\"@type\":\"ReadAction\",\"target\":[\"https:\\\/\\\/polisecuador.org\\\/2024\\\/12\\\/13\\\/bielaconproposito-junto-a-niels-olsen\\\/\"]}]},{\"@type\":\"ImageObject\",\"inLanguage\":\"en-US\",\"@id\":\"https:\\\/\\\/polisecuador.org\\\/2024\\\/12\\\/13\\\/bielaconproposito-junto-a-niels-olsen\\\/#primaryimage\",\"url\":\"https:\\\/\\\/polisecuador.org\\\/wp-content\\\/uploads\\\/2025\\\/06\\\/Captura-de-pantalla-2025-06-22-a-las-10.12.03\u202fp.-m.png\",\"contentUrl\":\"https:\\\/\\\/polisecuador.org\\\/wp-content\\\/uploads\\\/2025\\\/06\\\/Captura-de-pantalla-2025-06-22-a-las-10.12.03\u202fp.-m.png\",\"width\":1264,\"height\":844},{\"@type\":\"BreadcrumbList\",\"@id\":\"https:\\\/\\\/polisecuador.org\\\/2024\\\/12\\\/13\\\/bielaconproposito-junto-a-niels-olsen\\\/#breadcrumb\",\"itemListElement\":[{\"@type\":\"ListItem\",\"position\":1,\"name\":\"Portada\",\"item\":\"https:\\\/\\\/polisecuador.org\\\/\"},{\"@type\":\"ListItem\",\"position\":2,\"name\":\"#BielaConProp\u00f3sito junto a Niels Olsen\"}]},{\"@type\":\"WebSite\",\"@id\":\"https:\\\/\\\/polisecuador.org\\\/#website\",\"url\":\"https:\\\/\\\/polisecuador.org\\\/\",\"name\":\"Polis Ecuador\",\"description\":\"Academia de Formaci\u00f3n Pol\u00edtica\",\"publisher\":{\"@id\":\"https:\\\/\\\/polisecuador.org\\\/#organization\"},\"potentialAction\":[{\"@type\":\"SearchAction\",\"target\":{\"@type\":\"EntryPoint\",\"urlTemplate\":\"https:\\\/\\\/polisecuador.org\\\/?s={search_term_string}\"},\"query-input\":{\"@type\":\"PropertyValueSpecification\",\"valueRequired\":true,\"valueName\":\"search_term_string\"}}],\"inLanguage\":\"en-US\"},{\"@type\":\"Organization\",\"@id\":\"https:\\\/\\\/polisecuador.org\\\/#organization\",\"name\":\"Polis Ecuador\",\"url\":\"https:\\\/\\\/polisecuador.org\\\/\",\"logo\":{\"@type\":\"ImageObject\",\"inLanguage\":\"en-US\",\"@id\":\"https:\\\/\\\/polisecuador.org\\\/#\\\/schema\\\/logo\\\/image\\\/\",\"url\":\"https:\\\/\\\/polisecuador.org\\\/wp-content\\\/uploads\\\/2023\\\/04\\\/polis-web.svg\",\"contentUrl\":\"https:\\\/\\\/polisecuador.org\\\/wp-content\\\/uploads\\\/2023\\\/04\\\/polis-web.svg\",\"width\":1391.69000000000005456968210637569427490234375,\"height\":754.1299999999999954525264911353588104248046875,\"caption\":\"Polis Ecuador\"},\"image\":{\"@id\":\"https:\\\/\\\/polisecuador.org\\\/#\\\/schema\\\/logo\\\/image\\\/\"},\"sameAs\":[\"https:\\\/\\\/www.facebook.com\\\/polisecuador\",\"https:\\\/\\\/x.com\\\/polisecuador\"]},{\"@type\":\"Person\",\"@id\":\"https:\\\/\\\/polisecuador.org\\\/#\\\/schema\\\/person\\\/4dc7b2ec4b75a49899f54862f64d0624\",\"name\":\"#ConstruyendoFuturo\",\"image\":{\"@type\":\"ImageObject\",\"inLanguage\":\"en-US\",\"@id\":\"https:\\\/\\\/secure.gravatar.com\\\/avatar\\\/943e6c3faf183c9582bb5d6cc75cec372c33b5f9a397b7a063941c69d13f174e?s=96&d=mm&r=g\",\"url\":\"https:\\\/\\\/secure.gravatar.com\\\/avatar\\\/943e6c3faf183c9582bb5d6cc75cec372c33b5f9a397b7a063941c69d13f174e?s=96&d=mm&r=g\",\"contentUrl\":\"https:\\\/\\\/secure.gravatar.com\\\/avatar\\\/943e6c3faf183c9582bb5d6cc75cec372c33b5f9a397b7a063941c69d13f174e?s=96&d=mm&r=g\",\"caption\":\"#ConstruyendoFuturo\"},\"sameAs\":[\"https:\\\/\\\/polisecuador.org\"],\"url\":\"https:\\\/\\\/polisecuador.org\\\/en\\\/author\\\/admin\\\/\"}]}<\/script>\n<!-- \/ Yoast SEO plugin. -->","yoast_head_json":{"title":"#BielaConProp\u00f3sito junto a Niels Olsen - Polis Ecuador","description":"El pasado 13 de diciembre, Polis y el Instituto San Isidro reunieron a m\u00e1s de 100 personas en un nuevo Biela con Prop\u00f3sito junto al candidato Niels Olsen para debatir sobre seguridad, turismo y descentralizaci\u00f3n.","robots":{"index":"index","follow":"follow","max-snippet":"max-snippet:-1","max-image-preview":"max-image-preview:large","max-video-preview":"max-video-preview:-1"},"canonical":"https:\/\/polisecuador.org\/en\/2024\/12\/13\/bielaconproposito-junto-a-niels-olsen\/","og_locale":"en_US","og_type":"article","og_title":"#BielaConProp\u00f3sito junto a Niels Olsen - Polis Ecuador","og_description":"El pasado 13 de diciembre, Polis y el Instituto San Isidro reunieron a m\u00e1s de 100 personas en un nuevo Biela con Prop\u00f3sito junto al candidato Niels Olsen para debatir sobre seguridad, turismo y descentralizaci\u00f3n.","og_url":"https:\/\/polisecuador.org\/en\/2024\/12\/13\/bielaconproposito-junto-a-niels-olsen\/","og_site_name":"Polis Ecuador","article_publisher":"https:\/\/www.facebook.com\/polisecuador","article_published_time":"2024-12-13T03:17:33+00:00","article_modified_time":"2025-06-23T03:18:48+00:00","og_image":[{"width":1264,"height":844,"url":"https:\/\/polisecuador.org\/wp-content\/uploads\/2025\/06\/Captura-de-pantalla-2025-06-22-a-las-10.12.03\u202fp.-m.png","type":"image\/png"}],"author":"#ConstruyendoFuturo","twitter_card":"summary_large_image","twitter_creator":"@polisecuador","twitter_site":"@polisecuador","twitter_misc":{"Written by":"#ConstruyendoFuturo","Est. reading time":"2 minutes"},"schema":{"@context":"https:\/\/schema.org","@graph":[{"@type":"Article","@id":"https:\/\/polisecuador.org\/2024\/12\/13\/bielaconproposito-junto-a-niels-olsen\/#article","isPartOf":{"@id":"https:\/\/polisecuador.org\/2024\/12\/13\/bielaconproposito-junto-a-niels-olsen\/"},"author":{"name":"#ConstruyendoFuturo","@id":"https:\/\/polisecuador.org\/#\/schema\/person\/4dc7b2ec4b75a49899f54862f64d0624"},"headline":"#BielaConProp\u00f3sito junto a Niels Olsen","datePublished":"2024-12-13T03:17:33+00:00","dateModified":"2025-06-23T03:18:48+00:00","mainEntityOfPage":{"@id":"https:\/\/polisecuador.org\/2024\/12\/13\/bielaconproposito-junto-a-niels-olsen\/"},"wordCount":362,"commentCount":0,"publisher":{"@id":"https:\/\/polisecuador.org\/#organization"},"image":{"@id":"https:\/\/polisecuador.org\/2024\/12\/13\/bielaconproposito-junto-a-niels-olsen\/#primaryimage"},"thumbnailUrl":"https:\/\/polisecuador.org\/wp-content\/uploads\/2025\/06\/Captura-de-pantalla-2025-06-22-a-las-10.12.03\u202fp.-m.png","articleSection":["Noticias Polis"],"inLanguage":"en-US","potentialAction":[{"@type":"CommentAction","name":"Comment","target":["https:\/\/polisecuador.org\/2024\/12\/13\/bielaconproposito-junto-a-niels-olsen\/#respond"]}]},{"@type":"WebPage","@id":"https:\/\/polisecuador.org\/2024\/12\/13\/bielaconproposito-junto-a-niels-olsen\/","url":"https:\/\/polisecuador.org\/2024\/12\/13\/bielaconproposito-junto-a-niels-olsen\/","name":"#BielaConProp\u00f3sito junto a Niels Olsen - Polis Ecuador","isPartOf":{"@id":"https:\/\/polisecuador.org\/#website"},"primaryImageOfPage":{"@id":"https:\/\/polisecuador.org\/2024\/12\/13\/bielaconproposito-junto-a-niels-olsen\/#primaryimage"},"image":{"@id":"https:\/\/polisecuador.org\/2024\/12\/13\/bielaconproposito-junto-a-niels-olsen\/#primaryimage"},"thumbnailUrl":"https:\/\/polisecuador.org\/wp-content\/uploads\/2025\/06\/Captura-de-pantalla-2025-06-22-a-las-10.12.03\u202fp.-m.png","datePublished":"2024-12-13T03:17:33+00:00","dateModified":"2025-06-23T03:18:48+00:00","description":"El pasado 13 de diciembre, Polis y el Instituto San Isidro reunieron a m\u00e1s de 100 personas en un nuevo Biela con Prop\u00f3sito junto al candidato Niels Olsen para debatir sobre seguridad, turismo y descentralizaci\u00f3n.","breadcrumb":{"@id":"https:\/\/polisecuador.org\/2024\/12\/13\/bielaconproposito-junto-a-niels-olsen\/#breadcrumb"},"inLanguage":"en-US","potentialAction":[{"@type":"ReadAction","target":["https:\/\/polisecuador.org\/2024\/12\/13\/bielaconproposito-junto-a-niels-olsen\/"]}]},{"@type":"ImageObject","inLanguage":"en-US","@id":"https:\/\/polisecuador.org\/2024\/12\/13\/bielaconproposito-junto-a-niels-olsen\/#primaryimage","url":"https:\/\/polisecuador.org\/wp-content\/uploads\/2025\/06\/Captura-de-pantalla-2025-06-22-a-las-10.12.03\u202fp.-m.png","contentUrl":"https:\/\/polisecuador.org\/wp-content\/uploads\/2025\/06\/Captura-de-pantalla-2025-06-22-a-las-10.12.03\u202fp.-m.png","width":1264,"height":844},{"@type":"BreadcrumbList","@id":"https:\/\/polisecuador.org\/2024\/12\/13\/bielaconproposito-junto-a-niels-olsen\/#breadcrumb","itemListElement":[{"@type":"ListItem","position":1,"name":"Portada","item":"https:\/\/polisecuador.org\/"},{"@type":"ListItem","position":2,"name":"#BielaConProp\u00f3sito junto a Niels Olsen"}]},{"@type":"WebSite","@id":"https:\/\/polisecuador.org\/#website","url":"https:\/\/polisecuador.org\/","name":"Polis Ecuador","description":"Academia de Formaci\u00f3n Pol\u00edtica","publisher":{"@id":"https:\/\/polisecuador.org\/#organization"},"potentialAction":[{"@type":"SearchAction","target":{"@type":"EntryPoint","urlTemplate":"https:\/\/polisecuador.org\/?s={search_term_string}"},"query-input":{"@type":"PropertyValueSpecification","valueRequired":true,"valueName":"search_term_string"}}],"inLanguage":"en-US"},{"@type":"Organization","@id":"https:\/\/polisecuador.org\/#organization","name":"Polis Ecuador","url":"https:\/\/polisecuador.org\/","logo":{"@type":"ImageObject","inLanguage":"en-US","@id":"https:\/\/polisecuador.org\/#\/schema\/logo\/image\/","url":"https:\/\/polisecuador.org\/wp-content\/uploads\/2023\/04\/polis-web.svg","contentUrl":"https:\/\/polisecuador.org\/wp-content\/uploads\/2023\/04\/polis-web.svg","width":1391.69000000000005456968210637569427490234375,"height":754.1299999999999954525264911353588104248046875,"caption":"Polis Ecuador"},"image":{"@id":"https:\/\/polisecuador.org\/#\/schema\/logo\/image\/"},"sameAs":["https:\/\/www.facebook.com\/polisecuador","https:\/\/x.com\/polisecuador"]},{"@type":"Person","@id":"https:\/\/polisecuador.org\/#\/schema\/person\/4dc7b2ec4b75a49899f54862f64d0624","name":"#ConstruyendoFuturo","image":{"@type":"ImageObject","inLanguage":"en-US","@id":"https:\/\/secure.gravatar.com\/avatar\/943e6c3faf183c9582bb5d6cc75cec372c33b5f9a397b7a063941c69d13f174e?s=96&d=mm&r=g","url":"https:\/\/secure.gravatar.com\/avatar\/943e6c3faf183c9582bb5d6cc75cec372c33b5f9a397b7a063941c69d13f174e?s=96&d=mm&r=g","contentUrl":"https:\/\/secure.gravatar.com\/avatar\/943e6c3faf183c9582bb5d6cc75cec372c33b5f9a397b7a063941c69d13f174e?s=96&d=mm&r=g","caption":"#ConstruyendoFuturo"},"sameAs":["https:\/\/polisecuador.org"],"url":"https:\/\/polisecuador.org\/en\/author\/admin\/"}]}},"_links":{"self":[{"href":"https:\/\/polisecuador.org\/en\/wp-json\/wp\/v2\/posts\/1093","targetHints":{"allow":["GET"]}}],"collection":[{"href":"https:\/\/polisecuador.org\/en\/wp-json\/wp\/v2\/posts"}],"about":[{"href":"https:\/\/polisecuador.org\/en\/wp-json\/wp\/v2\/types\/post"}],"author":[{"embeddable":true,"href":"https:\/\/polisecuador.org\/en\/wp-json\/wp\/v2\/users\/1"}],"replies":[{"embeddable":true,"href":"https:\/\/polisecuador.org\/en\/wp-json\/wp\/v2\/comments?post=1093"}],"version-history":[{"count":0,"href":"https:\/\/polisecuador.org\/en\/wp-json\/wp\/v2\/posts\/1093\/revisions"}],"wp:featuredmedia":[{"embeddable":true,"href":"https:\/\/polisecuador.org\/en\/wp-json\/wp\/v2\/media\/1094"}],"wp:attachment":[{"href":"https:\/\/polisecuador.org\/en\/wp-json\/wp\/v2\/media?parent=1093"}],"wp:term":[{"taxonomy":"category","embeddable":true,"href":"https:\/\/polisecuador.org\/en\/wp-json\/wp\/v2\/categories?post=1093"},{"taxonomy":"post_tag","embeddable":true,"href":"https:\/\/polisecuador.org\/en\/wp-json\/wp\/v2\/tags?post=1093"}],"curies":[{"name":"wp","href":"https:\/\/api.w.org\/{rel}","templated":true}]}}