{"id":1099,"date":"2025-01-10T04:11:51","date_gmt":"2025-01-10T04:11:51","guid":{"rendered":"https:\/\/polisecuador.org\/?p=1099"},"modified":"2025-06-23T04:12:22","modified_gmt":"2025-06-23T04:12:22","slug":"after-office-con-carlos-rabascall","status":"publish","type":"post","link":"https:\/\/polisecuador.org\/en\/2025\/01\/10\/after-office-con-carlos-rabascall\/","title":{"rendered":"After Office with Carlos Rabascall"},"content":{"rendered":"<p><strong>En la Calle Santana del centro de Cuenca, Polis organiz\u00f3 un After Office diferente: uno donde la pol\u00edtica se sirvi\u00f3 en jarra de canelazo y la conversaci\u00f3n gir\u00f3 en torno a los grandes desaf\u00edos del Ecuador.<\/strong>\u00a0El evento cont\u00f3 con la presencia de\u00a0<em>Carlos Rabascall<\/em>, candidato a la Presidencia por la Izquierda Democr\u00e1tica (ID), y\u00a0<em>Catalina Serrano<\/em>, candidata a la Asamblea por el Azuay.<\/p>\n\n\n\n<p>Este encuentro fue mucho m\u00e1s que un acto pol\u00edtico: fue una invitaci\u00f3n a repensar el pa\u00eds desde la voz de los j\u00f3venes. En alianza con organizaciones como la&nbsp;<em>Asociaci\u00f3n de J\u00f3venes Empresarios<\/em>, Polis cre\u00f3 un espacio distendido, accesible y abierto para quienes creen que&nbsp;<em>la pol\u00edtica debe discutirse tambi\u00e9n fuera de los auditorios formales<\/em>.<\/p>\n\n\n\n<p>Entre risas, ideas y jarras de canelazo caliente \u2014infaltable en las noches cuencanas\u2014, los asistentes dialogaron sobre\u00a0<em>proyecto de pa\u00eds, gobernabilidad, juventudes y liderazgo<\/em>. La atm\u00f3sfera informal no rest\u00f3 profundidad a los temas tratados, sino que\u00a0<em>fortaleci\u00f3 la autenticidad del di\u00e1logo<\/em>.<\/p>\n\n\n\n<p>Adem\u00e1s, durante el evento se firm\u00f3 un&nbsp;<strong>convenio con Marcelo Cordero, representante del colectivo \u201cTodos Por los Animales\u201d<\/strong>, para colaborar activamente en acciones concretas de protecci\u00f3n animal, reafirmando que&nbsp;<em>la pol\u00edtica tambi\u00e9n tiene rostro peludito<\/em>&nbsp;y que la defensa del bienestar animal debe ser parte del nuevo debate p\u00fablico.<\/p>\n\n\n\n<p>Con m\u00e1s de 50 asistentes, este After Office reafirma el prop\u00f3sito de Polis de&nbsp;<strong>democratizar el acceso al di\u00e1logo pol\u00edtico<\/strong>&nbsp;y crear espacios donde los j\u00f3venes puedan encontrarse cara a cara con quienes aspiran a gobernar el Ecuador.<\/p>\n\n\n\n<p>Agradecemos especialmente a\u00a0<strong>Distrito Lounge Bar<\/strong>\u00a0por abrir sus puertas y permitirnos crear este espacio \u00fanico de conversaci\u00f3n ciudadana en el coraz\u00f3n del centro hist\u00f3rico.<\/p>\n<span class=\"et_bloom_bottom_trigger\"><\/span>","protected":false},"excerpt":{"rendered":"<p>El viernes 10 de enero, Polis organiz\u00f3 un aut\u00e9ntico after office con Carlos Rabascall, candidato presidencial por la Izquierda Democr\u00e1tica, en una noche de di\u00e1logo, canelazos y nuevos compromisos.<\/p>","protected":false},"author":1,"featured_media":1100,"comment_status":"open","ping_status":"open","sticky":false,"template":"","format":"standard","meta":{"_acf_changed":false,"_et_pb_use_builder":"off","_et_pb_old_content":"","_et_gb_content_width":"","footnotes":""},"categories":[1],"tags":[],"class_list":["post-1099","post","type-post","status-publish","format-standard","has-post-thumbnail","hentry","category-noticias-polis"],"pp_statuses_selecting_workflow":false,"pp_workflow_action":"current","pp_status_selection":"publish","acf":[],"yoast_head":"<!-- This site is optimized with the Yoast SEO plugin v27.5 - https:\/\/yoast.com\/product\/yoast-seo-wordpress\/ -->\n<title>After Office con Carlos Rabascall - Polis Ecuador<\/title>\n<meta name=\"description\" content=\"El viernes 10 de enero, Polis organiz\u00f3 un aut\u00e9ntico after office con Carlos Rabascall, candidato presidencial por la Izquierda Democr\u00e1tica, en una noche de di\u00e1logo, canelazos y nuevos compromisos.\" \/>\n<meta name=\"robots\" content=\"index, follow, max-snippet:-1, max-image-preview:large, max-video-preview:-1\" \/>\n<link rel=\"canonical\" href=\"https:\/\/polisecuador.org\/en\/2025\/01\/10\/after-office-con-carlos-rabascall\/\" \/>\n<meta property=\"og:locale\" content=\"en_US\" \/>\n<meta property=\"og:type\" content=\"article\" \/>\n<meta property=\"og:title\" content=\"After Office con Carlos Rabascall - Polis Ecuador\" \/>\n<meta property=\"og:description\" content=\"El viernes 10 de enero, Polis organiz\u00f3 un aut\u00e9ntico after office con Carlos Rabascall, candidato presidencial por la Izquierda Democr\u00e1tica, en una noche de di\u00e1logo, canelazos y nuevos compromisos.\" \/>\n<meta property=\"og:url\" content=\"https:\/\/polisecuador.org\/en\/2025\/01\/10\/after-office-con-carlos-rabascall\/\" \/>\n<meta property=\"og:site_name\" content=\"Polis Ecuador\" \/>\n<meta property=\"article:publisher\" content=\"https:\/\/www.facebook.com\/polisecuador\" \/>\n<meta property=\"article:published_time\" content=\"2025-01-10T04:11:51+00:00\" \/>\n<meta property=\"article:modified_time\" content=\"2025-06-23T04:12:22+00:00\" \/>\n<meta property=\"og:image\" content=\"https:\/\/polisecuador.org\/wp-content\/uploads\/2025\/06\/Captura-de-pantalla-2025-06-22-a-las-11.06.43\u202fp.-m.png\" \/>\n\t<meta property=\"og:image:width\" content=\"1260\" \/>\n\t<meta property=\"og:image:height\" content=\"682\" \/>\n\t<meta property=\"og:image:type\" content=\"image\/png\" \/>\n<meta name=\"author\" content=\"#ConstruyendoFuturo\" \/>\n<meta name=\"twitter:card\" content=\"summary_large_image\" \/>\n<meta name=\"twitter:creator\" content=\"@polisecuador\" \/>\n<meta name=\"twitter:site\" content=\"@polisecuador\" \/>\n<meta name=\"twitter:label1\" content=\"Written by\" \/>\n\t<meta name=\"twitter:data1\" content=\"#ConstruyendoFuturo\" \/>\n\t<meta name=\"twitter:label2\" content=\"Est. reading time\" \/>\n\t<meta name=\"twitter:data2\" content=\"2 minutes\" \/>\n<script type=\"application\/ld+json\" class=\"yoast-schema-graph\">{\"@context\":\"https:\\\/\\\/schema.org\",\"@graph\":[{\"@type\":\"Article\",\"@id\":\"https:\\\/\\\/polisecuador.org\\\/2025\\\/01\\\/10\\\/after-office-con-carlos-rabascall\\\/#article\",\"isPartOf\":{\"@id\":\"https:\\\/\\\/polisecuador.org\\\/2025\\\/01\\\/10\\\/after-office-con-carlos-rabascall\\\/\"},\"author\":{\"name\":\"#ConstruyendoFuturo\",\"@id\":\"https:\\\/\\\/polisecuador.org\\\/#\\\/schema\\\/person\\\/4dc7b2ec4b75a49899f54862f64d0624\"},\"headline\":\"After Office con Carlos Rabascall\",\"datePublished\":\"2025-01-10T04:11:51+00:00\",\"dateModified\":\"2025-06-23T04:12:22+00:00\",\"mainEntityOfPage\":{\"@id\":\"https:\\\/\\\/polisecuador.org\\\/2025\\\/01\\\/10\\\/after-office-con-carlos-rabascall\\\/\"},\"wordCount\":311,\"commentCount\":0,\"publisher\":{\"@id\":\"https:\\\/\\\/polisecuador.org\\\/#organization\"},\"image\":{\"@id\":\"https:\\\/\\\/polisecuador.org\\\/2025\\\/01\\\/10\\\/after-office-con-carlos-rabascall\\\/#primaryimage\"},\"thumbnailUrl\":\"https:\\\/\\\/polisecuador.org\\\/wp-content\\\/uploads\\\/2025\\\/06\\\/Captura-de-pantalla-2025-06-22-a-las-11.06.43\u202fp.-m.png\",\"articleSection\":[\"Noticias Polis\"],\"inLanguage\":\"en-US\",\"potentialAction\":[{\"@type\":\"CommentAction\",\"name\":\"Comment\",\"target\":[\"https:\\\/\\\/polisecuador.org\\\/2025\\\/01\\\/10\\\/after-office-con-carlos-rabascall\\\/#respond\"]}]},{\"@type\":\"WebPage\",\"@id\":\"https:\\\/\\\/polisecuador.org\\\/2025\\\/01\\\/10\\\/after-office-con-carlos-rabascall\\\/\",\"url\":\"https:\\\/\\\/polisecuador.org\\\/2025\\\/01\\\/10\\\/after-office-con-carlos-rabascall\\\/\",\"name\":\"After Office con Carlos Rabascall - Polis Ecuador\",\"isPartOf\":{\"@id\":\"https:\\\/\\\/polisecuador.org\\\/#website\"},\"primaryImageOfPage\":{\"@id\":\"https:\\\/\\\/polisecuador.org\\\/2025\\\/01\\\/10\\\/after-office-con-carlos-rabascall\\\/#primaryimage\"},\"image\":{\"@id\":\"https:\\\/\\\/polisecuador.org\\\/2025\\\/01\\\/10\\\/after-office-con-carlos-rabascall\\\/#primaryimage\"},\"thumbnailUrl\":\"https:\\\/\\\/polisecuador.org\\\/wp-content\\\/uploads\\\/2025\\\/06\\\/Captura-de-pantalla-2025-06-22-a-las-11.06.43\u202fp.-m.png\",\"datePublished\":\"2025-01-10T04:11:51+00:00\",\"dateModified\":\"2025-06-23T04:12:22+00:00\",\"description\":\"El viernes 10 de enero, Polis organiz\u00f3 un aut\u00e9ntico after office con Carlos Rabascall, candidato presidencial por la Izquierda Democr\u00e1tica, en una noche de di\u00e1logo, canelazos y nuevos compromisos.\",\"breadcrumb\":{\"@id\":\"https:\\\/\\\/polisecuador.org\\\/2025\\\/01\\\/10\\\/after-office-con-carlos-rabascall\\\/#breadcrumb\"},\"inLanguage\":\"en-US\",\"potentialAction\":[{\"@type\":\"ReadAction\",\"target\":[\"https:\\\/\\\/polisecuador.org\\\/2025\\\/01\\\/10\\\/after-office-con-carlos-rabascall\\\/\"]}]},{\"@type\":\"ImageObject\",\"inLanguage\":\"en-US\",\"@id\":\"https:\\\/\\\/polisecuador.org\\\/2025\\\/01\\\/10\\\/after-office-con-carlos-rabascall\\\/#primaryimage\",\"url\":\"https:\\\/\\\/polisecuador.org\\\/wp-content\\\/uploads\\\/2025\\\/06\\\/Captura-de-pantalla-2025-06-22-a-las-11.06.43\u202fp.-m.png\",\"contentUrl\":\"https:\\\/\\\/polisecuador.org\\\/wp-content\\\/uploads\\\/2025\\\/06\\\/Captura-de-pantalla-2025-06-22-a-las-11.06.43\u202fp.-m.png\",\"width\":1260,\"height\":682},{\"@type\":\"BreadcrumbList\",\"@id\":\"https:\\\/\\\/polisecuador.org\\\/2025\\\/01\\\/10\\\/after-office-con-carlos-rabascall\\\/#breadcrumb\",\"itemListElement\":[{\"@type\":\"ListItem\",\"position\":1,\"name\":\"Portada\",\"item\":\"https:\\\/\\\/polisecuador.org\\\/\"},{\"@type\":\"ListItem\",\"position\":2,\"name\":\"After Office con Carlos Rabascall\"}]},{\"@type\":\"WebSite\",\"@id\":\"https:\\\/\\\/polisecuador.org\\\/#website\",\"url\":\"https:\\\/\\\/polisecuador.org\\\/\",\"name\":\"Polis Ecuador\",\"description\":\"Academia de Formaci\u00f3n Pol\u00edtica\",\"publisher\":{\"@id\":\"https:\\\/\\\/polisecuador.org\\\/#organization\"},\"potentialAction\":[{\"@type\":\"SearchAction\",\"target\":{\"@type\":\"EntryPoint\",\"urlTemplate\":\"https:\\\/\\\/polisecuador.org\\\/?s={search_term_string}\"},\"query-input\":{\"@type\":\"PropertyValueSpecification\",\"valueRequired\":true,\"valueName\":\"search_term_string\"}}],\"inLanguage\":\"en-US\"},{\"@type\":\"Organization\",\"@id\":\"https:\\\/\\\/polisecuador.org\\\/#organization\",\"name\":\"Polis Ecuador\",\"url\":\"https:\\\/\\\/polisecuador.org\\\/\",\"logo\":{\"@type\":\"ImageObject\",\"inLanguage\":\"en-US\",\"@id\":\"https:\\\/\\\/polisecuador.org\\\/#\\\/schema\\\/logo\\\/image\\\/\",\"url\":\"https:\\\/\\\/polisecuador.org\\\/wp-content\\\/uploads\\\/2023\\\/04\\\/polis-web.svg\",\"contentUrl\":\"https:\\\/\\\/polisecuador.org\\\/wp-content\\\/uploads\\\/2023\\\/04\\\/polis-web.svg\",\"width\":1391.69000000000005456968210637569427490234375,\"height\":754.1299999999999954525264911353588104248046875,\"caption\":\"Polis Ecuador\"},\"image\":{\"@id\":\"https:\\\/\\\/polisecuador.org\\\/#\\\/schema\\\/logo\\\/image\\\/\"},\"sameAs\":[\"https:\\\/\\\/www.facebook.com\\\/polisecuador\",\"https:\\\/\\\/x.com\\\/polisecuador\"]},{\"@type\":\"Person\",\"@id\":\"https:\\\/\\\/polisecuador.org\\\/#\\\/schema\\\/person\\\/4dc7b2ec4b75a49899f54862f64d0624\",\"name\":\"#ConstruyendoFuturo\",\"image\":{\"@type\":\"ImageObject\",\"inLanguage\":\"en-US\",\"@id\":\"https:\\\/\\\/secure.gravatar.com\\\/avatar\\\/943e6c3faf183c9582bb5d6cc75cec372c33b5f9a397b7a063941c69d13f174e?s=96&d=mm&r=g\",\"url\":\"https:\\\/\\\/secure.gravatar.com\\\/avatar\\\/943e6c3faf183c9582bb5d6cc75cec372c33b5f9a397b7a063941c69d13f174e?s=96&d=mm&r=g\",\"contentUrl\":\"https:\\\/\\\/secure.gravatar.com\\\/avatar\\\/943e6c3faf183c9582bb5d6cc75cec372c33b5f9a397b7a063941c69d13f174e?s=96&d=mm&r=g\",\"caption\":\"#ConstruyendoFuturo\"},\"sameAs\":[\"https:\\\/\\\/polisecuador.org\"],\"url\":\"https:\\\/\\\/polisecuador.org\\\/en\\\/author\\\/admin\\\/\"}]}<\/script>\n<!-- \/ Yoast SEO plugin. -->","yoast_head_json":{"title":"After Office con Carlos Rabascall - Polis Ecuador","description":"El viernes 10 de enero, Polis organiz\u00f3 un aut\u00e9ntico after office con Carlos Rabascall, candidato presidencial por la Izquierda Democr\u00e1tica, en una noche de di\u00e1logo, canelazos y nuevos compromisos.","robots":{"index":"index","follow":"follow","max-snippet":"max-snippet:-1","max-image-preview":"max-image-preview:large","max-video-preview":"max-video-preview:-1"},"canonical":"https:\/\/polisecuador.org\/en\/2025\/01\/10\/after-office-con-carlos-rabascall\/","og_locale":"en_US","og_type":"article","og_title":"After Office con Carlos Rabascall - Polis Ecuador","og_description":"El viernes 10 de enero, Polis organiz\u00f3 un aut\u00e9ntico after office con Carlos Rabascall, candidato presidencial por la Izquierda Democr\u00e1tica, en una noche de di\u00e1logo, canelazos y nuevos compromisos.","og_url":"https:\/\/polisecuador.org\/en\/2025\/01\/10\/after-office-con-carlos-rabascall\/","og_site_name":"Polis Ecuador","article_publisher":"https:\/\/www.facebook.com\/polisecuador","article_published_time":"2025-01-10T04:11:51+00:00","article_modified_time":"2025-06-23T04:12:22+00:00","og_image":[{"width":1260,"height":682,"url":"https:\/\/polisecuador.org\/wp-content\/uploads\/2025\/06\/Captura-de-pantalla-2025-06-22-a-las-11.06.43\u202fp.-m.png","type":"image\/png"}],"author":"#ConstruyendoFuturo","twitter_card":"summary_large_image","twitter_creator":"@polisecuador","twitter_site":"@polisecuador","twitter_misc":{"Written by":"#ConstruyendoFuturo","Est. reading time":"2 minutes"},"schema":{"@context":"https:\/\/schema.org","@graph":[{"@type":"Article","@id":"https:\/\/polisecuador.org\/2025\/01\/10\/after-office-con-carlos-rabascall\/#article","isPartOf":{"@id":"https:\/\/polisecuador.org\/2025\/01\/10\/after-office-con-carlos-rabascall\/"},"author":{"name":"#ConstruyendoFuturo","@id":"https:\/\/polisecuador.org\/#\/schema\/person\/4dc7b2ec4b75a49899f54862f64d0624"},"headline":"After Office con Carlos Rabascall","datePublished":"2025-01-10T04:11:51+00:00","dateModified":"2025-06-23T04:12:22+00:00","mainEntityOfPage":{"@id":"https:\/\/polisecuador.org\/2025\/01\/10\/after-office-con-carlos-rabascall\/"},"wordCount":311,"commentCount":0,"publisher":{"@id":"https:\/\/polisecuador.org\/#organization"},"image":{"@id":"https:\/\/polisecuador.org\/2025\/01\/10\/after-office-con-carlos-rabascall\/#primaryimage"},"thumbnailUrl":"https:\/\/polisecuador.org\/wp-content\/uploads\/2025\/06\/Captura-de-pantalla-2025-06-22-a-las-11.06.43\u202fp.-m.png","articleSection":["Noticias Polis"],"inLanguage":"en-US","potentialAction":[{"@type":"CommentAction","name":"Comment","target":["https:\/\/polisecuador.org\/2025\/01\/10\/after-office-con-carlos-rabascall\/#respond"]}]},{"@type":"WebPage","@id":"https:\/\/polisecuador.org\/2025\/01\/10\/after-office-con-carlos-rabascall\/","url":"https:\/\/polisecuador.org\/2025\/01\/10\/after-office-con-carlos-rabascall\/","name":"After Office con Carlos Rabascall - Polis Ecuador","isPartOf":{"@id":"https:\/\/polisecuador.org\/#website"},"primaryImageOfPage":{"@id":"https:\/\/polisecuador.org\/2025\/01\/10\/after-office-con-carlos-rabascall\/#primaryimage"},"image":{"@id":"https:\/\/polisecuador.org\/2025\/01\/10\/after-office-con-carlos-rabascall\/#primaryimage"},"thumbnailUrl":"https:\/\/polisecuador.org\/wp-content\/uploads\/2025\/06\/Captura-de-pantalla-2025-06-22-a-las-11.06.43\u202fp.-m.png","datePublished":"2025-01-10T04:11:51+00:00","dateModified":"2025-06-23T04:12:22+00:00","description":"El viernes 10 de enero, Polis organiz\u00f3 un aut\u00e9ntico after office con Carlos Rabascall, candidato presidencial por la Izquierda Democr\u00e1tica, en una noche de di\u00e1logo, canelazos y nuevos compromisos.","breadcrumb":{"@id":"https:\/\/polisecuador.org\/2025\/01\/10\/after-office-con-carlos-rabascall\/#breadcrumb"},"inLanguage":"en-US","potentialAction":[{"@type":"ReadAction","target":["https:\/\/polisecuador.org\/2025\/01\/10\/after-office-con-carlos-rabascall\/"]}]},{"@type":"ImageObject","inLanguage":"en-US","@id":"https:\/\/polisecuador.org\/2025\/01\/10\/after-office-con-carlos-rabascall\/#primaryimage","url":"https:\/\/polisecuador.org\/wp-content\/uploads\/2025\/06\/Captura-de-pantalla-2025-06-22-a-las-11.06.43\u202fp.-m.png","contentUrl":"https:\/\/polisecuador.org\/wp-content\/uploads\/2025\/06\/Captura-de-pantalla-2025-06-22-a-las-11.06.43\u202fp.-m.png","width":1260,"height":682},{"@type":"BreadcrumbList","@id":"https:\/\/polisecuador.org\/2025\/01\/10\/after-office-con-carlos-rabascall\/#breadcrumb","itemListElement":[{"@type":"ListItem","position":1,"name":"Portada","item":"https:\/\/polisecuador.org\/"},{"@type":"ListItem","position":2,"name":"After Office con Carlos Rabascall"}]},{"@type":"WebSite","@id":"https:\/\/polisecuador.org\/#website","url":"https:\/\/polisecuador.org\/","name":"Polis Ecuador","description":"Academia de Formaci\u00f3n Pol\u00edtica","publisher":{"@id":"https:\/\/polisecuador.org\/#organization"},"potentialAction":[{"@type":"SearchAction","target":{"@type":"EntryPoint","urlTemplate":"https:\/\/polisecuador.org\/?s={search_term_string}"},"query-input":{"@type":"PropertyValueSpecification","valueRequired":true,"valueName":"search_term_string"}}],"inLanguage":"en-US"},{"@type":"Organization","@id":"https:\/\/polisecuador.org\/#organization","name":"Polis Ecuador","url":"https:\/\/polisecuador.org\/","logo":{"@type":"ImageObject","inLanguage":"en-US","@id":"https:\/\/polisecuador.org\/#\/schema\/logo\/image\/","url":"https:\/\/polisecuador.org\/wp-content\/uploads\/2023\/04\/polis-web.svg","contentUrl":"https:\/\/polisecuador.org\/wp-content\/uploads\/2023\/04\/polis-web.svg","width":1391.69000000000005456968210637569427490234375,"height":754.1299999999999954525264911353588104248046875,"caption":"Polis Ecuador"},"image":{"@id":"https:\/\/polisecuador.org\/#\/schema\/logo\/image\/"},"sameAs":["https:\/\/www.facebook.com\/polisecuador","https:\/\/x.com\/polisecuador"]},{"@type":"Person","@id":"https:\/\/polisecuador.org\/#\/schema\/person\/4dc7b2ec4b75a49899f54862f64d0624","name":"#ConstruyendoFuturo","image":{"@type":"ImageObject","inLanguage":"en-US","@id":"https:\/\/secure.gravatar.com\/avatar\/943e6c3faf183c9582bb5d6cc75cec372c33b5f9a397b7a063941c69d13f174e?s=96&d=mm&r=g","url":"https:\/\/secure.gravatar.com\/avatar\/943e6c3faf183c9582bb5d6cc75cec372c33b5f9a397b7a063941c69d13f174e?s=96&d=mm&r=g","contentUrl":"https:\/\/secure.gravatar.com\/avatar\/943e6c3faf183c9582bb5d6cc75cec372c33b5f9a397b7a063941c69d13f174e?s=96&d=mm&r=g","caption":"#ConstruyendoFuturo"},"sameAs":["https:\/\/polisecuador.org"],"url":"https:\/\/polisecuador.org\/en\/author\/admin\/"}]}},"_links":{"self":[{"href":"https:\/\/polisecuador.org\/en\/wp-json\/wp\/v2\/posts\/1099","targetHints":{"allow":["GET"]}}],"collection":[{"href":"https:\/\/polisecuador.org\/en\/wp-json\/wp\/v2\/posts"}],"about":[{"href":"https:\/\/polisecuador.org\/en\/wp-json\/wp\/v2\/types\/post"}],"author":[{"embeddable":true,"href":"https:\/\/polisecuador.org\/en\/wp-json\/wp\/v2\/users\/1"}],"replies":[{"embeddable":true,"href":"https:\/\/polisecuador.org\/en\/wp-json\/wp\/v2\/comments?post=1099"}],"version-history":[{"count":0,"href":"https:\/\/polisecuador.org\/en\/wp-json\/wp\/v2\/posts\/1099\/revisions"}],"wp:featuredmedia":[{"embeddable":true,"href":"https:\/\/polisecuador.org\/en\/wp-json\/wp\/v2\/media\/1100"}],"wp:attachment":[{"href":"https:\/\/polisecuador.org\/en\/wp-json\/wp\/v2\/media?parent=1099"}],"wp:term":[{"taxonomy":"category","embeddable":true,"href":"https:\/\/polisecuador.org\/en\/wp-json\/wp\/v2\/categories?post=1099"},{"taxonomy":"post_tag","embeddable":true,"href":"https:\/\/polisecuador.org\/en\/wp-json\/wp\/v2\/tags?post=1099"}],"curies":[{"name":"wp","href":"https:\/\/api.w.org\/{rel}","templated":true}]}}