{"id":2286,"date":"2025-07-14T15:28:00","date_gmt":"2025-07-14T15:28:00","guid":{"rendered":"https:\/\/polisecuador.org\/?p=2286"},"modified":"2026-03-17T15:28:45","modified_gmt":"2026-03-17T15:28:45","slug":"polis-presenta-plog","status":"publish","type":"post","link":"https:\/\/polisecuador.org\/en\/2025\/07\/14\/polis-presenta-plog\/","title":{"rendered":"POLIS presenta PLOG"},"content":{"rendered":"<p>El 14 de julio de 2025,&nbsp;POLIS Academia de Formaci\u00f3n Pol\u00edtica&nbsp;present\u00f3 oficialmente&nbsp;PLOG, una nueva plataforma editorial concebida como un espacio abierto para el an\u00e1lisis, la opini\u00f3n y la circulaci\u00f3n de ideas sobre temas pol\u00edticos, sociales y acad\u00e9micos.<\/p>\n\n\n\n<p>PLOG nace con el prop\u00f3sito de ampliar los espacios de participaci\u00f3n intelectual y de fortalecer una cultura de debate informado, plural y responsable. Su propuesta editorial busca reunir voces diversas, promoviendo la escritura como herramienta de incidencia y reflexi\u00f3n p\u00fablica, en un momento en el que el acceso a escenarios de publicaci\u00f3n sigue siendo limitado para muchos j\u00f3venes, investigadores y ciudadanos interesados en contribuir al debate contempor\u00e1neo.<\/p>\n\n\n\n<p>La plataforma permitir\u00e1 la publicaci\u00f3n de columnas de opini\u00f3n sobre asuntos de inter\u00e9s local, nacional e internacional, adem\u00e1s de entrevistas realizadas por el equipo editorial a figuras relevantes del \u00e1mbito pol\u00edtico, acad\u00e9mico, econ\u00f3mico y de gobernanza. De esta manera, PLOG se integra al ecosistema institucional de POLIS como una extensi\u00f3n de su compromiso con la formaci\u00f3n pol\u00edtica, la investigaci\u00f3n aplicada y la generaci\u00f3n de ciudadan\u00eda cr\u00edtica.<\/p>\n\n\n\n<p>M\u00e1s all\u00e1 de ser un medio digital, PLOG se proyecta como una comunidad de pensamiento donde converjan distintas perspectivas bajo principios de respeto, argumentaci\u00f3n y apertura democr\u00e1tica. Su lanzamiento responde a la necesidad de construir nuevos canales de interconexi\u00f3n intelectual en un entorno marcado por la rapidez informativa y la fragmentaci\u00f3n del debate p\u00fablico.<\/p>\n\n\n\n<p>\ud83d\udccc&nbsp;<strong>Desde POLIS se extiende una invitaci\u00f3n abierta a estudiantes, acad\u00e9micos, profesionales, investigadores y ciudadanos interesados a publicar en PLOG y formar parte de esta nueva plataforma editorial.<\/strong><\/p>\n\n\n<iframe loading=\"lazy\" class=\"embed-pdf-viewer\" src=\"https:\/\/polisecuador.org\/wp-content\/uploads\/2026\/03\/Brochure-PLOG.pdf\" height=\"600\" width=\"600\" title=\"Brochure PLOG\"><\/iframe>\n\n\n<p>Quienes deseen enviar art\u00edculos, columnas o propuestas de publicaci\u00f3n pueden hacerlo a trav\u00e9s de los canales oficiales del proyecto.<\/p>\n\n\n\n<p>Con esta iniciativa, POLIS reafirma su apuesta por democratizar la producci\u00f3n de contenido y generar espacios donde las ideas circulen con libertad, rigor y responsabilidad.<\/p>\n<span class=\"et_bloom_bottom_trigger\"><\/span>","protected":false},"excerpt":{"rendered":"<p>Con el lanzamiento de PLOG, POLIS abre un nuevo espacio para la publicaci\u00f3n de ideas, el pensamiento cr\u00edtico y el debate p\u00fablico informado.<\/p>","protected":false},"author":1,"featured_media":2289,"comment_status":"open","ping_status":"open","sticky":false,"template":"","format":"standard","meta":{"_acf_changed":false,"_et_pb_use_builder":"off","_et_pb_old_content":"","_et_gb_content_width":"","footnotes":""},"categories":[1],"tags":[],"class_list":["post-2286","post","type-post","status-publish","format-standard","has-post-thumbnail","hentry","category-noticias-polis"],"pp_statuses_selecting_workflow":false,"pp_workflow_action":"current","pp_status_selection":"publish","acf":[],"yoast_head":"<!-- This site is optimized with the Yoast SEO plugin v27.5 - https:\/\/yoast.com\/product\/yoast-seo-wordpress\/ -->\n<title>POLIS presenta PLOG - Polis Ecuador<\/title>\n<meta name=\"robots\" content=\"index, follow, max-snippet:-1, max-image-preview:large, max-video-preview:-1\" \/>\n<link rel=\"canonical\" href=\"https:\/\/polisecuador.org\/en\/2025\/07\/14\/polis-presenta-plog\/\" \/>\n<meta property=\"og:locale\" content=\"en_US\" \/>\n<meta property=\"og:type\" content=\"article\" \/>\n<meta property=\"og:title\" content=\"POLIS presenta PLOG - Polis Ecuador\" \/>\n<meta property=\"og:description\" content=\"Con el lanzamiento de PLOG, POLIS abre un nuevo espacio para la publicaci\u00f3n de ideas, el pensamiento cr\u00edtico y el debate p\u00fablico informado.\" \/>\n<meta property=\"og:url\" content=\"https:\/\/polisecuador.org\/en\/2025\/07\/14\/polis-presenta-plog\/\" \/>\n<meta property=\"og:site_name\" content=\"Polis Ecuador\" \/>\n<meta property=\"article:publisher\" content=\"https:\/\/www.facebook.com\/polisecuador\" \/>\n<meta property=\"article:published_time\" content=\"2025-07-14T15:28:00+00:00\" \/>\n<meta property=\"article:modified_time\" content=\"2026-03-17T15:28:45+00:00\" \/>\n<meta property=\"og:image\" content=\"https:\/\/polisecuador.org\/wp-content\/uploads\/2026\/03\/Captura-de-pantalla-2026-03-17-a-las-10.27.57-a.-m-1024x588.png\" \/>\n\t<meta property=\"og:image:width\" content=\"1024\" \/>\n\t<meta property=\"og:image:height\" content=\"588\" \/>\n\t<meta property=\"og:image:type\" content=\"image\/png\" \/>\n<meta name=\"author\" content=\"#ConstruyendoFuturo\" \/>\n<meta name=\"twitter:card\" content=\"summary_large_image\" \/>\n<meta name=\"twitter:creator\" content=\"@polisecuador\" \/>\n<meta name=\"twitter:site\" content=\"@polisecuador\" \/>\n<meta name=\"twitter:label1\" content=\"Written by\" \/>\n\t<meta name=\"twitter:data1\" content=\"#ConstruyendoFuturo\" \/>\n\t<meta name=\"twitter:label2\" content=\"Est. reading time\" \/>\n\t<meta name=\"twitter:data2\" content=\"2 minutes\" \/>\n<script type=\"application\/ld+json\" class=\"yoast-schema-graph\">{\"@context\":\"https:\\\/\\\/schema.org\",\"@graph\":[{\"@type\":\"Article\",\"@id\":\"https:\\\/\\\/polisecuador.org\\\/2025\\\/07\\\/14\\\/polis-presenta-plog\\\/#article\",\"isPartOf\":{\"@id\":\"https:\\\/\\\/polisecuador.org\\\/2025\\\/07\\\/14\\\/polis-presenta-plog\\\/\"},\"author\":{\"name\":\"#ConstruyendoFuturo\",\"@id\":\"https:\\\/\\\/polisecuador.org\\\/#\\\/schema\\\/person\\\/4dc7b2ec4b75a49899f54862f64d0624\"},\"headline\":\"POLIS presenta PLOG\",\"datePublished\":\"2025-07-14T15:28:00+00:00\",\"dateModified\":\"2026-03-17T15:28:45+00:00\",\"mainEntityOfPage\":{\"@id\":\"https:\\\/\\\/polisecuador.org\\\/2025\\\/07\\\/14\\\/polis-presenta-plog\\\/\"},\"wordCount\":342,\"commentCount\":0,\"publisher\":{\"@id\":\"https:\\\/\\\/polisecuador.org\\\/#organization\"},\"image\":{\"@id\":\"https:\\\/\\\/polisecuador.org\\\/2025\\\/07\\\/14\\\/polis-presenta-plog\\\/#primaryimage\"},\"thumbnailUrl\":\"https:\\\/\\\/polisecuador.org\\\/wp-content\\\/uploads\\\/2026\\\/03\\\/Captura-de-pantalla-2026-03-17-a-las-10.27.57-a.-m.png\",\"articleSection\":[\"Noticias Polis\"],\"inLanguage\":\"en-US\",\"potentialAction\":[{\"@type\":\"CommentAction\",\"name\":\"Comment\",\"target\":[\"https:\\\/\\\/polisecuador.org\\\/2025\\\/07\\\/14\\\/polis-presenta-plog\\\/#respond\"]}]},{\"@type\":\"WebPage\",\"@id\":\"https:\\\/\\\/polisecuador.org\\\/2025\\\/07\\\/14\\\/polis-presenta-plog\\\/\",\"url\":\"https:\\\/\\\/polisecuador.org\\\/2025\\\/07\\\/14\\\/polis-presenta-plog\\\/\",\"name\":\"POLIS presenta PLOG - Polis Ecuador\",\"isPartOf\":{\"@id\":\"https:\\\/\\\/polisecuador.org\\\/#website\"},\"primaryImageOfPage\":{\"@id\":\"https:\\\/\\\/polisecuador.org\\\/2025\\\/07\\\/14\\\/polis-presenta-plog\\\/#primaryimage\"},\"image\":{\"@id\":\"https:\\\/\\\/polisecuador.org\\\/2025\\\/07\\\/14\\\/polis-presenta-plog\\\/#primaryimage\"},\"thumbnailUrl\":\"https:\\\/\\\/polisecuador.org\\\/wp-content\\\/uploads\\\/2026\\\/03\\\/Captura-de-pantalla-2026-03-17-a-las-10.27.57-a.-m.png\",\"datePublished\":\"2025-07-14T15:28:00+00:00\",\"dateModified\":\"2026-03-17T15:28:45+00:00\",\"breadcrumb\":{\"@id\":\"https:\\\/\\\/polisecuador.org\\\/2025\\\/07\\\/14\\\/polis-presenta-plog\\\/#breadcrumb\"},\"inLanguage\":\"en-US\",\"potentialAction\":[{\"@type\":\"ReadAction\",\"target\":[\"https:\\\/\\\/polisecuador.org\\\/2025\\\/07\\\/14\\\/polis-presenta-plog\\\/\"]}]},{\"@type\":\"ImageObject\",\"inLanguage\":\"en-US\",\"@id\":\"https:\\\/\\\/polisecuador.org\\\/2025\\\/07\\\/14\\\/polis-presenta-plog\\\/#primaryimage\",\"url\":\"https:\\\/\\\/polisecuador.org\\\/wp-content\\\/uploads\\\/2026\\\/03\\\/Captura-de-pantalla-2026-03-17-a-las-10.27.57-a.-m.png\",\"contentUrl\":\"https:\\\/\\\/polisecuador.org\\\/wp-content\\\/uploads\\\/2026\\\/03\\\/Captura-de-pantalla-2026-03-17-a-las-10.27.57-a.-m.png\",\"width\":2318,\"height\":1330},{\"@type\":\"BreadcrumbList\",\"@id\":\"https:\\\/\\\/polisecuador.org\\\/2025\\\/07\\\/14\\\/polis-presenta-plog\\\/#breadcrumb\",\"itemListElement\":[{\"@type\":\"ListItem\",\"position\":1,\"name\":\"Portada\",\"item\":\"https:\\\/\\\/polisecuador.org\\\/\"},{\"@type\":\"ListItem\",\"position\":2,\"name\":\"POLIS presenta PLOG\"}]},{\"@type\":\"WebSite\",\"@id\":\"https:\\\/\\\/polisecuador.org\\\/#website\",\"url\":\"https:\\\/\\\/polisecuador.org\\\/\",\"name\":\"Polis Ecuador\",\"description\":\"Academia de Formaci\u00f3n Pol\u00edtica\",\"publisher\":{\"@id\":\"https:\\\/\\\/polisecuador.org\\\/#organization\"},\"potentialAction\":[{\"@type\":\"SearchAction\",\"target\":{\"@type\":\"EntryPoint\",\"urlTemplate\":\"https:\\\/\\\/polisecuador.org\\\/?s={search_term_string}\"},\"query-input\":{\"@type\":\"PropertyValueSpecification\",\"valueRequired\":true,\"valueName\":\"search_term_string\"}}],\"inLanguage\":\"en-US\"},{\"@type\":\"Organization\",\"@id\":\"https:\\\/\\\/polisecuador.org\\\/#organization\",\"name\":\"Polis Ecuador\",\"url\":\"https:\\\/\\\/polisecuador.org\\\/\",\"logo\":{\"@type\":\"ImageObject\",\"inLanguage\":\"en-US\",\"@id\":\"https:\\\/\\\/polisecuador.org\\\/#\\\/schema\\\/logo\\\/image\\\/\",\"url\":\"https:\\\/\\\/polisecuador.org\\\/wp-content\\\/uploads\\\/2023\\\/04\\\/polis-web.svg\",\"contentUrl\":\"https:\\\/\\\/polisecuador.org\\\/wp-content\\\/uploads\\\/2023\\\/04\\\/polis-web.svg\",\"width\":1391.69000000000005456968210637569427490234375,\"height\":754.1299999999999954525264911353588104248046875,\"caption\":\"Polis Ecuador\"},\"image\":{\"@id\":\"https:\\\/\\\/polisecuador.org\\\/#\\\/schema\\\/logo\\\/image\\\/\"},\"sameAs\":[\"https:\\\/\\\/www.facebook.com\\\/polisecuador\",\"https:\\\/\\\/x.com\\\/polisecuador\"]},{\"@type\":\"Person\",\"@id\":\"https:\\\/\\\/polisecuador.org\\\/#\\\/schema\\\/person\\\/4dc7b2ec4b75a49899f54862f64d0624\",\"name\":\"#ConstruyendoFuturo\",\"image\":{\"@type\":\"ImageObject\",\"inLanguage\":\"en-US\",\"@id\":\"https:\\\/\\\/secure.gravatar.com\\\/avatar\\\/943e6c3faf183c9582bb5d6cc75cec372c33b5f9a397b7a063941c69d13f174e?s=96&d=mm&r=g\",\"url\":\"https:\\\/\\\/secure.gravatar.com\\\/avatar\\\/943e6c3faf183c9582bb5d6cc75cec372c33b5f9a397b7a063941c69d13f174e?s=96&d=mm&r=g\",\"contentUrl\":\"https:\\\/\\\/secure.gravatar.com\\\/avatar\\\/943e6c3faf183c9582bb5d6cc75cec372c33b5f9a397b7a063941c69d13f174e?s=96&d=mm&r=g\",\"caption\":\"#ConstruyendoFuturo\"},\"sameAs\":[\"https:\\\/\\\/polisecuador.org\"],\"url\":\"https:\\\/\\\/polisecuador.org\\\/en\\\/author\\\/admin\\\/\"}]}<\/script>\n<!-- \/ Yoast SEO plugin. -->","yoast_head_json":{"title":"POLIS presenta PLOG - Polis Ecuador","robots":{"index":"index","follow":"follow","max-snippet":"max-snippet:-1","max-image-preview":"max-image-preview:large","max-video-preview":"max-video-preview:-1"},"canonical":"https:\/\/polisecuador.org\/en\/2025\/07\/14\/polis-presenta-plog\/","og_locale":"en_US","og_type":"article","og_title":"POLIS presenta PLOG - Polis Ecuador","og_description":"Con el lanzamiento de PLOG, POLIS abre un nuevo espacio para la publicaci\u00f3n de ideas, el pensamiento cr\u00edtico y el debate p\u00fablico informado.","og_url":"https:\/\/polisecuador.org\/en\/2025\/07\/14\/polis-presenta-plog\/","og_site_name":"Polis Ecuador","article_publisher":"https:\/\/www.facebook.com\/polisecuador","article_published_time":"2025-07-14T15:28:00+00:00","article_modified_time":"2026-03-17T15:28:45+00:00","og_image":[{"width":1024,"height":588,"url":"https:\/\/polisecuador.org\/wp-content\/uploads\/2026\/03\/Captura-de-pantalla-2026-03-17-a-las-10.27.57-a.-m-1024x588.png","type":"image\/png"}],"author":"#ConstruyendoFuturo","twitter_card":"summary_large_image","twitter_creator":"@polisecuador","twitter_site":"@polisecuador","twitter_misc":{"Written by":"#ConstruyendoFuturo","Est. reading time":"2 minutes"},"schema":{"@context":"https:\/\/schema.org","@graph":[{"@type":"Article","@id":"https:\/\/polisecuador.org\/2025\/07\/14\/polis-presenta-plog\/#article","isPartOf":{"@id":"https:\/\/polisecuador.org\/2025\/07\/14\/polis-presenta-plog\/"},"author":{"name":"#ConstruyendoFuturo","@id":"https:\/\/polisecuador.org\/#\/schema\/person\/4dc7b2ec4b75a49899f54862f64d0624"},"headline":"POLIS presenta PLOG","datePublished":"2025-07-14T15:28:00+00:00","dateModified":"2026-03-17T15:28:45+00:00","mainEntityOfPage":{"@id":"https:\/\/polisecuador.org\/2025\/07\/14\/polis-presenta-plog\/"},"wordCount":342,"commentCount":0,"publisher":{"@id":"https:\/\/polisecuador.org\/#organization"},"image":{"@id":"https:\/\/polisecuador.org\/2025\/07\/14\/polis-presenta-plog\/#primaryimage"},"thumbnailUrl":"https:\/\/polisecuador.org\/wp-content\/uploads\/2026\/03\/Captura-de-pantalla-2026-03-17-a-las-10.27.57-a.-m.png","articleSection":["Noticias Polis"],"inLanguage":"en-US","potentialAction":[{"@type":"CommentAction","name":"Comment","target":["https:\/\/polisecuador.org\/2025\/07\/14\/polis-presenta-plog\/#respond"]}]},{"@type":"WebPage","@id":"https:\/\/polisecuador.org\/2025\/07\/14\/polis-presenta-plog\/","url":"https:\/\/polisecuador.org\/2025\/07\/14\/polis-presenta-plog\/","name":"POLIS presenta PLOG - Polis Ecuador","isPartOf":{"@id":"https:\/\/polisecuador.org\/#website"},"primaryImageOfPage":{"@id":"https:\/\/polisecuador.org\/2025\/07\/14\/polis-presenta-plog\/#primaryimage"},"image":{"@id":"https:\/\/polisecuador.org\/2025\/07\/14\/polis-presenta-plog\/#primaryimage"},"thumbnailUrl":"https:\/\/polisecuador.org\/wp-content\/uploads\/2026\/03\/Captura-de-pantalla-2026-03-17-a-las-10.27.57-a.-m.png","datePublished":"2025-07-14T15:28:00+00:00","dateModified":"2026-03-17T15:28:45+00:00","breadcrumb":{"@id":"https:\/\/polisecuador.org\/2025\/07\/14\/polis-presenta-plog\/#breadcrumb"},"inLanguage":"en-US","potentialAction":[{"@type":"ReadAction","target":["https:\/\/polisecuador.org\/2025\/07\/14\/polis-presenta-plog\/"]}]},{"@type":"ImageObject","inLanguage":"en-US","@id":"https:\/\/polisecuador.org\/2025\/07\/14\/polis-presenta-plog\/#primaryimage","url":"https:\/\/polisecuador.org\/wp-content\/uploads\/2026\/03\/Captura-de-pantalla-2026-03-17-a-las-10.27.57-a.-m.png","contentUrl":"https:\/\/polisecuador.org\/wp-content\/uploads\/2026\/03\/Captura-de-pantalla-2026-03-17-a-las-10.27.57-a.-m.png","width":2318,"height":1330},{"@type":"BreadcrumbList","@id":"https:\/\/polisecuador.org\/2025\/07\/14\/polis-presenta-plog\/#breadcrumb","itemListElement":[{"@type":"ListItem","position":1,"name":"Portada","item":"https:\/\/polisecuador.org\/"},{"@type":"ListItem","position":2,"name":"POLIS presenta PLOG"}]},{"@type":"WebSite","@id":"https:\/\/polisecuador.org\/#website","url":"https:\/\/polisecuador.org\/","name":"Polis Ecuador","description":"Academia de Formaci\u00f3n Pol\u00edtica","publisher":{"@id":"https:\/\/polisecuador.org\/#organization"},"potentialAction":[{"@type":"SearchAction","target":{"@type":"EntryPoint","urlTemplate":"https:\/\/polisecuador.org\/?s={search_term_string}"},"query-input":{"@type":"PropertyValueSpecification","valueRequired":true,"valueName":"search_term_string"}}],"inLanguage":"en-US"},{"@type":"Organization","@id":"https:\/\/polisecuador.org\/#organization","name":"Polis Ecuador","url":"https:\/\/polisecuador.org\/","logo":{"@type":"ImageObject","inLanguage":"en-US","@id":"https:\/\/polisecuador.org\/#\/schema\/logo\/image\/","url":"https:\/\/polisecuador.org\/wp-content\/uploads\/2023\/04\/polis-web.svg","contentUrl":"https:\/\/polisecuador.org\/wp-content\/uploads\/2023\/04\/polis-web.svg","width":1391.69000000000005456968210637569427490234375,"height":754.1299999999999954525264911353588104248046875,"caption":"Polis Ecuador"},"image":{"@id":"https:\/\/polisecuador.org\/#\/schema\/logo\/image\/"},"sameAs":["https:\/\/www.facebook.com\/polisecuador","https:\/\/x.com\/polisecuador"]},{"@type":"Person","@id":"https:\/\/polisecuador.org\/#\/schema\/person\/4dc7b2ec4b75a49899f54862f64d0624","name":"#ConstruyendoFuturo","image":{"@type":"ImageObject","inLanguage":"en-US","@id":"https:\/\/secure.gravatar.com\/avatar\/943e6c3faf183c9582bb5d6cc75cec372c33b5f9a397b7a063941c69d13f174e?s=96&d=mm&r=g","url":"https:\/\/secure.gravatar.com\/avatar\/943e6c3faf183c9582bb5d6cc75cec372c33b5f9a397b7a063941c69d13f174e?s=96&d=mm&r=g","contentUrl":"https:\/\/secure.gravatar.com\/avatar\/943e6c3faf183c9582bb5d6cc75cec372c33b5f9a397b7a063941c69d13f174e?s=96&d=mm&r=g","caption":"#ConstruyendoFuturo"},"sameAs":["https:\/\/polisecuador.org"],"url":"https:\/\/polisecuador.org\/en\/author\/admin\/"}]}},"_links":{"self":[{"href":"https:\/\/polisecuador.org\/en\/wp-json\/wp\/v2\/posts\/2286","targetHints":{"allow":["GET"]}}],"collection":[{"href":"https:\/\/polisecuador.org\/en\/wp-json\/wp\/v2\/posts"}],"about":[{"href":"https:\/\/polisecuador.org\/en\/wp-json\/wp\/v2\/types\/post"}],"author":[{"embeddable":true,"href":"https:\/\/polisecuador.org\/en\/wp-json\/wp\/v2\/users\/1"}],"replies":[{"embeddable":true,"href":"https:\/\/polisecuador.org\/en\/wp-json\/wp\/v2\/comments?post=2286"}],"version-history":[{"count":0,"href":"https:\/\/polisecuador.org\/en\/wp-json\/wp\/v2\/posts\/2286\/revisions"}],"wp:featuredmedia":[{"embeddable":true,"href":"https:\/\/polisecuador.org\/en\/wp-json\/wp\/v2\/media\/2289"}],"wp:attachment":[{"href":"https:\/\/polisecuador.org\/en\/wp-json\/wp\/v2\/media?parent=2286"}],"wp:term":[{"taxonomy":"category","embeddable":true,"href":"https:\/\/polisecuador.org\/en\/wp-json\/wp\/v2\/categories?post=2286"},{"taxonomy":"post_tag","embeddable":true,"href":"https:\/\/polisecuador.org\/en\/wp-json\/wp\/v2\/tags?post=2286"}],"curies":[{"name":"wp","href":"https:\/\/api.w.org\/{rel}","templated":true}]}}