{"id":2290,"date":"2025-09-30T15:35:00","date_gmt":"2025-09-30T15:35:00","guid":{"rendered":"https:\/\/polisecuador.org\/?p=2290"},"modified":"2026-03-17T15:39:28","modified_gmt":"2026-03-17T15:39:28","slug":"polis-lanza-polislab","status":"publish","type":"post","link":"https:\/\/polisecuador.org\/en\/2025\/09\/30\/polis-lanza-polislab\/","title":{"rendered":"POLIS lanza POLISLab"},"content":{"rendered":"<p>El 29 de septiembre de 2025,&nbsp;POLIS Academia de Formaci\u00f3n Pol\u00edtica&nbsp;present\u00f3 oficialmente&nbsp;POLISLab, una nueva iniciativa acad\u00e9mica concebida como un espacio de formaci\u00f3n pol\u00edtica gratuito para j\u00f3venes interesados en fortalecer sus capacidades de liderazgo, pensamiento cr\u00edtico y participaci\u00f3n en la vida p\u00fablica.<\/p>\n\n\n\n<p>POLISLab fue dise\u00f1ado como un laboratorio de ideas orientado a responder a la necesidad de ampliar oportunidades de formaci\u00f3n pol\u00edtica accesible, combinando contenidos acad\u00e9micos con herramientas pr\u00e1cticas para comprender los principales desaf\u00edos contempor\u00e1neos de la gobernanza y la pol\u00edtica.<\/p>\n\n\n\n<p>En su primera edici\u00f3n, el programa ofrecer\u00e1 200 becas del 100% para j\u00f3venes entre 16 y 35 a\u00f1os, permitiendo el acceso a ocho m\u00f3dulos de formaci\u00f3n desarrollados en modalidad virtual, con clases en vivo, materiales complementarios y participaci\u00f3n de especialistas nacionales e internacionales.<\/p>\n\n\n<iframe loading=\"lazy\" class=\"embed-pdf-viewer\" src=\"https:\/\/polisecuador.org\/wp-content\/uploads\/2026\/03\/POLISLab.pdf\" height=\"600\" width=\"600\" title=\"POLISLab\"><\/iframe>\n\n\n<p>Los contenidos abordados incluyeron comunicaci\u00f3n pol\u00edtica, filosof\u00eda pol\u00edtica, econom\u00eda pol\u00edtica, g\u00e9nero y pol\u00edtica, j\u00f3venes y pol\u00edtica, contrataci\u00f3n p\u00fablica, liderazgo y gobernanza, as\u00ed como geopol\u00edtica y relaciones internacionales, configurando una propuesta integral alineada con los objetivos formativos de POLIS.<\/p>\n\n\n\n<p>M\u00e1s all\u00e1 de un programa acad\u00e9mico, POLISLab fue concebido como un punto de encuentro para nuevas generaciones interesadas en transformar la inconformidad frente a la realidad pol\u00edtica en propuestas concretas, reflexi\u00f3n rigurosa y acci\u00f3n ciudadana responsable.<\/p>\n\n\n\n<p>Con este lanzamiento, POLIS fortalece su compromiso con la formaci\u00f3n pol\u00edtica como herramienta de incidencia democr\u00e1tica y construcci\u00f3n de liderazgo.<\/p>\n<span class=\"et_bloom_bottom_trigger\"><\/span>","protected":false},"excerpt":{"rendered":"<p>POLIS present\u00f3 POLISLab, una nueva iniciativa acad\u00e9mica gratuita orientada a fortalecer el liderazgo juvenil, el pensamiento cr\u00edtico y la formaci\u00f3n pol\u00edtica contempor\u00e1nea.<\/p>","protected":false},"author":1,"featured_media":2292,"comment_status":"open","ping_status":"open","sticky":false,"template":"","format":"standard","meta":{"_acf_changed":false,"_et_pb_use_builder":"off","_et_pb_old_content":"","_et_gb_content_width":"","footnotes":""},"categories":[1],"tags":[],"class_list":["post-2290","post","type-post","status-publish","format-standard","has-post-thumbnail","hentry","category-noticias-polis"],"pp_statuses_selecting_workflow":false,"pp_workflow_action":"current","pp_status_selection":"publish","acf":[],"yoast_head":"<!-- This site is optimized with the Yoast SEO plugin v27.5 - https:\/\/yoast.com\/product\/yoast-seo-wordpress\/ -->\n<title>POLIS lanza POLISLab - Polis Ecuador<\/title>\n<meta name=\"robots\" content=\"index, follow, max-snippet:-1, max-image-preview:large, max-video-preview:-1\" \/>\n<link rel=\"canonical\" href=\"https:\/\/polisecuador.org\/en\/2025\/09\/30\/polis-lanza-polislab\/\" \/>\n<meta property=\"og:locale\" content=\"en_US\" \/>\n<meta property=\"og:type\" content=\"article\" \/>\n<meta property=\"og:title\" content=\"POLIS lanza POLISLab - Polis Ecuador\" \/>\n<meta property=\"og:description\" content=\"POLIS present\u00f3 POLISLab, una nueva iniciativa acad\u00e9mica gratuita orientada a fortalecer el liderazgo juvenil, el pensamiento cr\u00edtico y la formaci\u00f3n pol\u00edtica contempor\u00e1nea.\" \/>\n<meta property=\"og:url\" content=\"https:\/\/polisecuador.org\/en\/2025\/09\/30\/polis-lanza-polislab\/\" \/>\n<meta property=\"og:site_name\" content=\"Polis Ecuador\" \/>\n<meta property=\"article:publisher\" content=\"https:\/\/www.facebook.com\/polisecuador\" \/>\n<meta property=\"article:published_time\" content=\"2025-09-30T15:35:00+00:00\" \/>\n<meta property=\"article:modified_time\" content=\"2026-03-17T15:39:28+00:00\" \/>\n<meta property=\"og:image\" content=\"https:\/\/polisecuador.org\/wp-content\/uploads\/2026\/03\/polislab-moodle.jpg\" \/>\n\t<meta property=\"og:image:width\" content=\"1920\" \/>\n\t<meta property=\"og:image:height\" content=\"1080\" \/>\n\t<meta property=\"og:image:type\" content=\"image\/jpeg\" \/>\n<meta name=\"author\" content=\"#ConstruyendoFuturo\" \/>\n<meta name=\"twitter:card\" content=\"summary_large_image\" \/>\n<meta name=\"twitter:creator\" content=\"@polisecuador\" \/>\n<meta name=\"twitter:site\" content=\"@polisecuador\" \/>\n<meta name=\"twitter:label1\" content=\"Written by\" \/>\n\t<meta name=\"twitter:data1\" content=\"#ConstruyendoFuturo\" \/>\n\t<meta name=\"twitter:label2\" content=\"Est. reading time\" \/>\n\t<meta name=\"twitter:data2\" content=\"2 minutes\" \/>\n<script type=\"application\/ld+json\" class=\"yoast-schema-graph\">{\"@context\":\"https:\\\/\\\/schema.org\",\"@graph\":[{\"@type\":\"Article\",\"@id\":\"https:\\\/\\\/polisecuador.org\\\/2025\\\/09\\\/30\\\/polis-lanza-polislab\\\/#article\",\"isPartOf\":{\"@id\":\"https:\\\/\\\/polisecuador.org\\\/2025\\\/09\\\/30\\\/polis-lanza-polislab\\\/\"},\"author\":{\"name\":\"#ConstruyendoFuturo\",\"@id\":\"https:\\\/\\\/polisecuador.org\\\/#\\\/schema\\\/person\\\/4dc7b2ec4b75a49899f54862f64d0624\"},\"headline\":\"POLIS lanza POLISLab\",\"datePublished\":\"2025-09-30T15:35:00+00:00\",\"dateModified\":\"2026-03-17T15:39:28+00:00\",\"mainEntityOfPage\":{\"@id\":\"https:\\\/\\\/polisecuador.org\\\/2025\\\/09\\\/30\\\/polis-lanza-polislab\\\/\"},\"wordCount\":264,\"commentCount\":0,\"publisher\":{\"@id\":\"https:\\\/\\\/polisecuador.org\\\/#organization\"},\"image\":{\"@id\":\"https:\\\/\\\/polisecuador.org\\\/2025\\\/09\\\/30\\\/polis-lanza-polislab\\\/#primaryimage\"},\"thumbnailUrl\":\"https:\\\/\\\/polisecuador.org\\\/wp-content\\\/uploads\\\/2026\\\/03\\\/polislab-moodle.jpg\",\"articleSection\":[\"Noticias Polis\"],\"inLanguage\":\"en-US\",\"potentialAction\":[{\"@type\":\"CommentAction\",\"name\":\"Comment\",\"target\":[\"https:\\\/\\\/polisecuador.org\\\/2025\\\/09\\\/30\\\/polis-lanza-polislab\\\/#respond\"]}]},{\"@type\":\"WebPage\",\"@id\":\"https:\\\/\\\/polisecuador.org\\\/2025\\\/09\\\/30\\\/polis-lanza-polislab\\\/\",\"url\":\"https:\\\/\\\/polisecuador.org\\\/2025\\\/09\\\/30\\\/polis-lanza-polislab\\\/\",\"name\":\"POLIS lanza POLISLab - Polis Ecuador\",\"isPartOf\":{\"@id\":\"https:\\\/\\\/polisecuador.org\\\/#website\"},\"primaryImageOfPage\":{\"@id\":\"https:\\\/\\\/polisecuador.org\\\/2025\\\/09\\\/30\\\/polis-lanza-polislab\\\/#primaryimage\"},\"image\":{\"@id\":\"https:\\\/\\\/polisecuador.org\\\/2025\\\/09\\\/30\\\/polis-lanza-polislab\\\/#primaryimage\"},\"thumbnailUrl\":\"https:\\\/\\\/polisecuador.org\\\/wp-content\\\/uploads\\\/2026\\\/03\\\/polislab-moodle.jpg\",\"datePublished\":\"2025-09-30T15:35:00+00:00\",\"dateModified\":\"2026-03-17T15:39:28+00:00\",\"breadcrumb\":{\"@id\":\"https:\\\/\\\/polisecuador.org\\\/2025\\\/09\\\/30\\\/polis-lanza-polislab\\\/#breadcrumb\"},\"inLanguage\":\"en-US\",\"potentialAction\":[{\"@type\":\"ReadAction\",\"target\":[\"https:\\\/\\\/polisecuador.org\\\/2025\\\/09\\\/30\\\/polis-lanza-polislab\\\/\"]}]},{\"@type\":\"ImageObject\",\"inLanguage\":\"en-US\",\"@id\":\"https:\\\/\\\/polisecuador.org\\\/2025\\\/09\\\/30\\\/polis-lanza-polislab\\\/#primaryimage\",\"url\":\"https:\\\/\\\/polisecuador.org\\\/wp-content\\\/uploads\\\/2026\\\/03\\\/polislab-moodle.jpg\",\"contentUrl\":\"https:\\\/\\\/polisecuador.org\\\/wp-content\\\/uploads\\\/2026\\\/03\\\/polislab-moodle.jpg\",\"width\":1920,\"height\":1080},{\"@type\":\"BreadcrumbList\",\"@id\":\"https:\\\/\\\/polisecuador.org\\\/2025\\\/09\\\/30\\\/polis-lanza-polislab\\\/#breadcrumb\",\"itemListElement\":[{\"@type\":\"ListItem\",\"position\":1,\"name\":\"Portada\",\"item\":\"https:\\\/\\\/polisecuador.org\\\/\"},{\"@type\":\"ListItem\",\"position\":2,\"name\":\"POLIS lanza POLISLab\"}]},{\"@type\":\"WebSite\",\"@id\":\"https:\\\/\\\/polisecuador.org\\\/#website\",\"url\":\"https:\\\/\\\/polisecuador.org\\\/\",\"name\":\"Polis Ecuador\",\"description\":\"Academia de Formaci\u00f3n Pol\u00edtica\",\"publisher\":{\"@id\":\"https:\\\/\\\/polisecuador.org\\\/#organization\"},\"potentialAction\":[{\"@type\":\"SearchAction\",\"target\":{\"@type\":\"EntryPoint\",\"urlTemplate\":\"https:\\\/\\\/polisecuador.org\\\/?s={search_term_string}\"},\"query-input\":{\"@type\":\"PropertyValueSpecification\",\"valueRequired\":true,\"valueName\":\"search_term_string\"}}],\"inLanguage\":\"en-US\"},{\"@type\":\"Organization\",\"@id\":\"https:\\\/\\\/polisecuador.org\\\/#organization\",\"name\":\"Polis Ecuador\",\"url\":\"https:\\\/\\\/polisecuador.org\\\/\",\"logo\":{\"@type\":\"ImageObject\",\"inLanguage\":\"en-US\",\"@id\":\"https:\\\/\\\/polisecuador.org\\\/#\\\/schema\\\/logo\\\/image\\\/\",\"url\":\"https:\\\/\\\/polisecuador.org\\\/wp-content\\\/uploads\\\/2023\\\/04\\\/polis-web.svg\",\"contentUrl\":\"https:\\\/\\\/polisecuador.org\\\/wp-content\\\/uploads\\\/2023\\\/04\\\/polis-web.svg\",\"width\":1391.69000000000005456968210637569427490234375,\"height\":754.1299999999999954525264911353588104248046875,\"caption\":\"Polis Ecuador\"},\"image\":{\"@id\":\"https:\\\/\\\/polisecuador.org\\\/#\\\/schema\\\/logo\\\/image\\\/\"},\"sameAs\":[\"https:\\\/\\\/www.facebook.com\\\/polisecuador\",\"https:\\\/\\\/x.com\\\/polisecuador\"]},{\"@type\":\"Person\",\"@id\":\"https:\\\/\\\/polisecuador.org\\\/#\\\/schema\\\/person\\\/4dc7b2ec4b75a49899f54862f64d0624\",\"name\":\"#ConstruyendoFuturo\",\"image\":{\"@type\":\"ImageObject\",\"inLanguage\":\"en-US\",\"@id\":\"https:\\\/\\\/secure.gravatar.com\\\/avatar\\\/943e6c3faf183c9582bb5d6cc75cec372c33b5f9a397b7a063941c69d13f174e?s=96&d=mm&r=g\",\"url\":\"https:\\\/\\\/secure.gravatar.com\\\/avatar\\\/943e6c3faf183c9582bb5d6cc75cec372c33b5f9a397b7a063941c69d13f174e?s=96&d=mm&r=g\",\"contentUrl\":\"https:\\\/\\\/secure.gravatar.com\\\/avatar\\\/943e6c3faf183c9582bb5d6cc75cec372c33b5f9a397b7a063941c69d13f174e?s=96&d=mm&r=g\",\"caption\":\"#ConstruyendoFuturo\"},\"sameAs\":[\"https:\\\/\\\/polisecuador.org\"],\"url\":\"https:\\\/\\\/polisecuador.org\\\/en\\\/author\\\/admin\\\/\"}]}<\/script>\n<!-- \/ Yoast SEO plugin. -->","yoast_head_json":{"title":"POLIS lanza POLISLab - Polis Ecuador","robots":{"index":"index","follow":"follow","max-snippet":"max-snippet:-1","max-image-preview":"max-image-preview:large","max-video-preview":"max-video-preview:-1"},"canonical":"https:\/\/polisecuador.org\/en\/2025\/09\/30\/polis-lanza-polislab\/","og_locale":"en_US","og_type":"article","og_title":"POLIS lanza POLISLab - Polis Ecuador","og_description":"POLIS present\u00f3 POLISLab, una nueva iniciativa acad\u00e9mica gratuita orientada a fortalecer el liderazgo juvenil, el pensamiento cr\u00edtico y la formaci\u00f3n pol\u00edtica contempor\u00e1nea.","og_url":"https:\/\/polisecuador.org\/en\/2025\/09\/30\/polis-lanza-polislab\/","og_site_name":"Polis Ecuador","article_publisher":"https:\/\/www.facebook.com\/polisecuador","article_published_time":"2025-09-30T15:35:00+00:00","article_modified_time":"2026-03-17T15:39:28+00:00","og_image":[{"width":1920,"height":1080,"url":"https:\/\/polisecuador.org\/wp-content\/uploads\/2026\/03\/polislab-moodle.jpg","type":"image\/jpeg"}],"author":"#ConstruyendoFuturo","twitter_card":"summary_large_image","twitter_creator":"@polisecuador","twitter_site":"@polisecuador","twitter_misc":{"Written by":"#ConstruyendoFuturo","Est. reading time":"2 minutes"},"schema":{"@context":"https:\/\/schema.org","@graph":[{"@type":"Article","@id":"https:\/\/polisecuador.org\/2025\/09\/30\/polis-lanza-polislab\/#article","isPartOf":{"@id":"https:\/\/polisecuador.org\/2025\/09\/30\/polis-lanza-polislab\/"},"author":{"name":"#ConstruyendoFuturo","@id":"https:\/\/polisecuador.org\/#\/schema\/person\/4dc7b2ec4b75a49899f54862f64d0624"},"headline":"POLIS lanza POLISLab","datePublished":"2025-09-30T15:35:00+00:00","dateModified":"2026-03-17T15:39:28+00:00","mainEntityOfPage":{"@id":"https:\/\/polisecuador.org\/2025\/09\/30\/polis-lanza-polislab\/"},"wordCount":264,"commentCount":0,"publisher":{"@id":"https:\/\/polisecuador.org\/#organization"},"image":{"@id":"https:\/\/polisecuador.org\/2025\/09\/30\/polis-lanza-polislab\/#primaryimage"},"thumbnailUrl":"https:\/\/polisecuador.org\/wp-content\/uploads\/2026\/03\/polislab-moodle.jpg","articleSection":["Noticias Polis"],"inLanguage":"en-US","potentialAction":[{"@type":"CommentAction","name":"Comment","target":["https:\/\/polisecuador.org\/2025\/09\/30\/polis-lanza-polislab\/#respond"]}]},{"@type":"WebPage","@id":"https:\/\/polisecuador.org\/2025\/09\/30\/polis-lanza-polislab\/","url":"https:\/\/polisecuador.org\/2025\/09\/30\/polis-lanza-polislab\/","name":"POLIS lanza POLISLab - Polis Ecuador","isPartOf":{"@id":"https:\/\/polisecuador.org\/#website"},"primaryImageOfPage":{"@id":"https:\/\/polisecuador.org\/2025\/09\/30\/polis-lanza-polislab\/#primaryimage"},"image":{"@id":"https:\/\/polisecuador.org\/2025\/09\/30\/polis-lanza-polislab\/#primaryimage"},"thumbnailUrl":"https:\/\/polisecuador.org\/wp-content\/uploads\/2026\/03\/polislab-moodle.jpg","datePublished":"2025-09-30T15:35:00+00:00","dateModified":"2026-03-17T15:39:28+00:00","breadcrumb":{"@id":"https:\/\/polisecuador.org\/2025\/09\/30\/polis-lanza-polislab\/#breadcrumb"},"inLanguage":"en-US","potentialAction":[{"@type":"ReadAction","target":["https:\/\/polisecuador.org\/2025\/09\/30\/polis-lanza-polislab\/"]}]},{"@type":"ImageObject","inLanguage":"en-US","@id":"https:\/\/polisecuador.org\/2025\/09\/30\/polis-lanza-polislab\/#primaryimage","url":"https:\/\/polisecuador.org\/wp-content\/uploads\/2026\/03\/polislab-moodle.jpg","contentUrl":"https:\/\/polisecuador.org\/wp-content\/uploads\/2026\/03\/polislab-moodle.jpg","width":1920,"height":1080},{"@type":"BreadcrumbList","@id":"https:\/\/polisecuador.org\/2025\/09\/30\/polis-lanza-polislab\/#breadcrumb","itemListElement":[{"@type":"ListItem","position":1,"name":"Portada","item":"https:\/\/polisecuador.org\/"},{"@type":"ListItem","position":2,"name":"POLIS lanza POLISLab"}]},{"@type":"WebSite","@id":"https:\/\/polisecuador.org\/#website","url":"https:\/\/polisecuador.org\/","name":"Polis Ecuador","description":"Academia de Formaci\u00f3n Pol\u00edtica","publisher":{"@id":"https:\/\/polisecuador.org\/#organization"},"potentialAction":[{"@type":"SearchAction","target":{"@type":"EntryPoint","urlTemplate":"https:\/\/polisecuador.org\/?s={search_term_string}"},"query-input":{"@type":"PropertyValueSpecification","valueRequired":true,"valueName":"search_term_string"}}],"inLanguage":"en-US"},{"@type":"Organization","@id":"https:\/\/polisecuador.org\/#organization","name":"Polis Ecuador","url":"https:\/\/polisecuador.org\/","logo":{"@type":"ImageObject","inLanguage":"en-US","@id":"https:\/\/polisecuador.org\/#\/schema\/logo\/image\/","url":"https:\/\/polisecuador.org\/wp-content\/uploads\/2023\/04\/polis-web.svg","contentUrl":"https:\/\/polisecuador.org\/wp-content\/uploads\/2023\/04\/polis-web.svg","width":1391.69000000000005456968210637569427490234375,"height":754.1299999999999954525264911353588104248046875,"caption":"Polis Ecuador"},"image":{"@id":"https:\/\/polisecuador.org\/#\/schema\/logo\/image\/"},"sameAs":["https:\/\/www.facebook.com\/polisecuador","https:\/\/x.com\/polisecuador"]},{"@type":"Person","@id":"https:\/\/polisecuador.org\/#\/schema\/person\/4dc7b2ec4b75a49899f54862f64d0624","name":"#ConstruyendoFuturo","image":{"@type":"ImageObject","inLanguage":"en-US","@id":"https:\/\/secure.gravatar.com\/avatar\/943e6c3faf183c9582bb5d6cc75cec372c33b5f9a397b7a063941c69d13f174e?s=96&d=mm&r=g","url":"https:\/\/secure.gravatar.com\/avatar\/943e6c3faf183c9582bb5d6cc75cec372c33b5f9a397b7a063941c69d13f174e?s=96&d=mm&r=g","contentUrl":"https:\/\/secure.gravatar.com\/avatar\/943e6c3faf183c9582bb5d6cc75cec372c33b5f9a397b7a063941c69d13f174e?s=96&d=mm&r=g","caption":"#ConstruyendoFuturo"},"sameAs":["https:\/\/polisecuador.org"],"url":"https:\/\/polisecuador.org\/en\/author\/admin\/"}]}},"_links":{"self":[{"href":"https:\/\/polisecuador.org\/en\/wp-json\/wp\/v2\/posts\/2290","targetHints":{"allow":["GET"]}}],"collection":[{"href":"https:\/\/polisecuador.org\/en\/wp-json\/wp\/v2\/posts"}],"about":[{"href":"https:\/\/polisecuador.org\/en\/wp-json\/wp\/v2\/types\/post"}],"author":[{"embeddable":true,"href":"https:\/\/polisecuador.org\/en\/wp-json\/wp\/v2\/users\/1"}],"replies":[{"embeddable":true,"href":"https:\/\/polisecuador.org\/en\/wp-json\/wp\/v2\/comments?post=2290"}],"version-history":[{"count":0,"href":"https:\/\/polisecuador.org\/en\/wp-json\/wp\/v2\/posts\/2290\/revisions"}],"wp:featuredmedia":[{"embeddable":true,"href":"https:\/\/polisecuador.org\/en\/wp-json\/wp\/v2\/media\/2292"}],"wp:attachment":[{"href":"https:\/\/polisecuador.org\/en\/wp-json\/wp\/v2\/media?parent=2290"}],"wp:term":[{"taxonomy":"category","embeddable":true,"href":"https:\/\/polisecuador.org\/en\/wp-json\/wp\/v2\/categories?post=2290"},{"taxonomy":"post_tag","embeddable":true,"href":"https:\/\/polisecuador.org\/en\/wp-json\/wp\/v2\/tags?post=2290"}],"curies":[{"name":"wp","href":"https:\/\/api.w.org\/{rel}","templated":true}]}}