{"id":606,"date":"2024-05-23T12:30:14","date_gmt":"2024-05-23T12:30:14","guid":{"rendered":"https:\/\/polisecuador.org\/?p=606"},"modified":"2024-05-23T12:30:14","modified_gmt":"2024-05-23T12:30:14","slug":"aval-academico-en-santanamun-viii-edicion","status":"publish","type":"post","link":"https:\/\/polisecuador.org\/en\/2024\/05\/23\/aval-academico-en-santanamun-viii-edicion\/","title":{"rendered":"Academic endorsement in Santanamun VIII Edition"},"content":{"rendered":"<p>In <strong>POLIS Academy of Political Education<\/strong>we are delighted to announce that we have awarded our academic endorsement for the VIII Edition of the Santanamun, a Model of United Nations (MUN) organized annually by the<a href=\"https:\/\/santana.edu.ec\"> Unidad Educativa Santana Basin.<\/a><\/p>\n<p>The\u00a0<strong>Model of United Nations<\/strong>\u00a0they are a simulation of courses in which students represent diplomats of different countries in committees of the UN, discussing and solving global problems. This activity encourages the development of skills in negotiation, public speaking, and critical analysis.<\/p>\n<p>Our guarantee consisted in providing logistical support and academia to ensure the success of the event. Manage spaces for the inauguration at the University of Azuay, thanks to the collaboration of the School of International Studies and the Club of Commerce and International Business. On the board of directors of the inauguration, we have the presence of our Strategic coordination, Tabata Ortega, and extended invitations to delegates from local authorities.<\/p>\n<p>During all days of the event, our ceo, Jeremiah Tama, and our Coordinator, Legal, Loneliness Street, actively participated as judges of the International Court of Justice in the simulations. In addition, we work hard to get auspices that contribute to the development of the Santanamun.<\/p>\n<p>The last day of the event, in collaboration with the career of Political Science and Governance of the Catholic University of Cuenca, our Academic Coordinator, Rafael Ordo\u00f1ez, a workshop for all attendees in Political Communication.<\/p>\n<p>Finally, we issue certificates for the best delegates, in recognition of their outstanding performance and commitment during the event.<\/p>\n<p>In <strong>POLIS Academy of Political Education<\/strong>we are proud to support initiatives that promote the development of academic and civic youth, preparing them to be leaders who are committed to the overall well-being.<\/p>\n<span class=\"et_bloom_bottom_trigger\"><\/span>","protected":false},"excerpt":{"rendered":"<p>POLIS Academia de Formaci\u00f3n Pol\u00edtica aval\u00f3 y apoy\u00f3 la VIII Edici\u00f3n del Santanamun, fortaleciendo el desarrollo acad\u00e9mico y c\u00edvico juvenil.<\/p>","protected":false},"author":1,"featured_media":607,"comment_status":"open","ping_status":"open","sticky":false,"template":"","format":"standard","meta":{"_acf_changed":false,"_et_pb_use_builder":"","_et_pb_old_content":"","_et_gb_content_width":"","footnotes":""},"categories":[1],"tags":[],"class_list":["post-606","post","type-post","status-publish","format-standard","has-post-thumbnail","hentry","category-noticias-polis"],"pp_statuses_selecting_workflow":false,"pp_workflow_action":"current","pp_status_selection":"publish","acf":[],"yoast_head":"<!-- This site is optimized with the Yoast SEO plugin v27.5 - https:\/\/yoast.com\/product\/yoast-seo-wordpress\/ -->\n<title>Aval Acad\u00e9mico en Santanamun VIII Edici\u00f3n - Polis Ecuador<\/title>\n<meta name=\"robots\" content=\"index, follow, max-snippet:-1, max-image-preview:large, max-video-preview:-1\" \/>\n<link rel=\"canonical\" href=\"https:\/\/polisecuador.org\/en\/2024\/05\/23\/aval-academico-en-santanamun-viii-edicion\/\" \/>\n<meta property=\"og:locale\" content=\"en_US\" \/>\n<meta property=\"og:type\" content=\"article\" \/>\n<meta property=\"og:title\" content=\"Aval Acad\u00e9mico en Santanamun VIII Edici\u00f3n - Polis Ecuador\" \/>\n<meta property=\"og:description\" content=\"POLIS Academia de Formaci\u00f3n Pol\u00edtica aval\u00f3 y apoy\u00f3 la VIII Edici\u00f3n del Santanamun, fortaleciendo el desarrollo acad\u00e9mico y c\u00edvico juvenil.\" \/>\n<meta property=\"og:url\" content=\"https:\/\/polisecuador.org\/en\/2024\/05\/23\/aval-academico-en-santanamun-viii-edicion\/\" \/>\n<meta property=\"og:site_name\" content=\"Polis Ecuador\" \/>\n<meta property=\"article:publisher\" content=\"https:\/\/www.facebook.com\/polisecuador\" \/>\n<meta property=\"article:published_time\" content=\"2024-05-23T12:30:14+00:00\" \/>\n<meta property=\"og:image\" content=\"https:\/\/polisecuador.org\/wp-content\/uploads\/2024\/05\/Aajp-2-scaled.jpg\" \/>\n\t<meta property=\"og:image:width\" content=\"2560\" \/>\n\t<meta property=\"og:image:height\" content=\"1707\" \/>\n\t<meta property=\"og:image:type\" content=\"image\/jpeg\" \/>\n<meta name=\"author\" content=\"#ConstruyendoFuturo\" \/>\n<meta name=\"twitter:card\" content=\"summary_large_image\" \/>\n<meta name=\"twitter:creator\" content=\"@polisecuador\" \/>\n<meta name=\"twitter:site\" content=\"@polisecuador\" \/>\n<meta name=\"twitter:label1\" content=\"Written by\" \/>\n\t<meta name=\"twitter:data1\" content=\"#ConstruyendoFuturo\" \/>\n\t<meta name=\"twitter:label2\" content=\"Est. reading time\" \/>\n\t<meta name=\"twitter:data2\" content=\"2 minutes\" \/>\n<script type=\"application\/ld+json\" class=\"yoast-schema-graph\">{\"@context\":\"https:\\\/\\\/schema.org\",\"@graph\":[{\"@type\":\"Article\",\"@id\":\"https:\\\/\\\/polisecuador.org\\\/2024\\\/05\\\/23\\\/aval-academico-en-santanamun-viii-edicion\\\/#article\",\"isPartOf\":{\"@id\":\"https:\\\/\\\/polisecuador.org\\\/2024\\\/05\\\/23\\\/aval-academico-en-santanamun-viii-edicion\\\/\"},\"author\":{\"name\":\"#ConstruyendoFuturo\",\"@id\":\"https:\\\/\\\/polisecuador.org\\\/#\\\/schema\\\/person\\\/4dc7b2ec4b75a49899f54862f64d0624\"},\"headline\":\"Aval Acad\u00e9mico en Santanamun VIII Edici\u00f3n\",\"datePublished\":\"2024-05-23T12:30:14+00:00\",\"mainEntityOfPage\":{\"@id\":\"https:\\\/\\\/polisecuador.org\\\/2024\\\/05\\\/23\\\/aval-academico-en-santanamun-viii-edicion\\\/\"},\"wordCount\":317,\"commentCount\":0,\"publisher\":{\"@id\":\"https:\\\/\\\/polisecuador.org\\\/#organization\"},\"image\":{\"@id\":\"https:\\\/\\\/polisecuador.org\\\/2024\\\/05\\\/23\\\/aval-academico-en-santanamun-viii-edicion\\\/#primaryimage\"},\"thumbnailUrl\":\"https:\\\/\\\/polisecuador.org\\\/wp-content\\\/uploads\\\/2024\\\/05\\\/Aajp-2-scaled.jpg\",\"articleSection\":[\"Noticias Polis\"],\"inLanguage\":\"en-US\",\"potentialAction\":[{\"@type\":\"CommentAction\",\"name\":\"Comment\",\"target\":[\"https:\\\/\\\/polisecuador.org\\\/2024\\\/05\\\/23\\\/aval-academico-en-santanamun-viii-edicion\\\/#respond\"]}]},{\"@type\":\"WebPage\",\"@id\":\"https:\\\/\\\/polisecuador.org\\\/2024\\\/05\\\/23\\\/aval-academico-en-santanamun-viii-edicion\\\/\",\"url\":\"https:\\\/\\\/polisecuador.org\\\/2024\\\/05\\\/23\\\/aval-academico-en-santanamun-viii-edicion\\\/\",\"name\":\"Aval Acad\u00e9mico en Santanamun VIII Edici\u00f3n - Polis Ecuador\",\"isPartOf\":{\"@id\":\"https:\\\/\\\/polisecuador.org\\\/#website\"},\"primaryImageOfPage\":{\"@id\":\"https:\\\/\\\/polisecuador.org\\\/2024\\\/05\\\/23\\\/aval-academico-en-santanamun-viii-edicion\\\/#primaryimage\"},\"image\":{\"@id\":\"https:\\\/\\\/polisecuador.org\\\/2024\\\/05\\\/23\\\/aval-academico-en-santanamun-viii-edicion\\\/#primaryimage\"},\"thumbnailUrl\":\"https:\\\/\\\/polisecuador.org\\\/wp-content\\\/uploads\\\/2024\\\/05\\\/Aajp-2-scaled.jpg\",\"datePublished\":\"2024-05-23T12:30:14+00:00\",\"breadcrumb\":{\"@id\":\"https:\\\/\\\/polisecuador.org\\\/2024\\\/05\\\/23\\\/aval-academico-en-santanamun-viii-edicion\\\/#breadcrumb\"},\"inLanguage\":\"en-US\",\"potentialAction\":[{\"@type\":\"ReadAction\",\"target\":[\"https:\\\/\\\/polisecuador.org\\\/2024\\\/05\\\/23\\\/aval-academico-en-santanamun-viii-edicion\\\/\"]}]},{\"@type\":\"ImageObject\",\"inLanguage\":\"en-US\",\"@id\":\"https:\\\/\\\/polisecuador.org\\\/2024\\\/05\\\/23\\\/aval-academico-en-santanamun-viii-edicion\\\/#primaryimage\",\"url\":\"https:\\\/\\\/polisecuador.org\\\/wp-content\\\/uploads\\\/2024\\\/05\\\/Aajp-2-scaled.jpg\",\"contentUrl\":\"https:\\\/\\\/polisecuador.org\\\/wp-content\\\/uploads\\\/2024\\\/05\\\/Aajp-2-scaled.jpg\",\"width\":2560,\"height\":1707},{\"@type\":\"BreadcrumbList\",\"@id\":\"https:\\\/\\\/polisecuador.org\\\/2024\\\/05\\\/23\\\/aval-academico-en-santanamun-viii-edicion\\\/#breadcrumb\",\"itemListElement\":[{\"@type\":\"ListItem\",\"position\":1,\"name\":\"Portada\",\"item\":\"https:\\\/\\\/polisecuador.org\\\/\"},{\"@type\":\"ListItem\",\"position\":2,\"name\":\"Aval Acad\u00e9mico en Santanamun VIII Edici\u00f3n\"}]},{\"@type\":\"WebSite\",\"@id\":\"https:\\\/\\\/polisecuador.org\\\/#website\",\"url\":\"https:\\\/\\\/polisecuador.org\\\/\",\"name\":\"Polis Ecuador\",\"description\":\"Academia de Formaci\u00f3n Pol\u00edtica\",\"publisher\":{\"@id\":\"https:\\\/\\\/polisecuador.org\\\/#organization\"},\"potentialAction\":[{\"@type\":\"SearchAction\",\"target\":{\"@type\":\"EntryPoint\",\"urlTemplate\":\"https:\\\/\\\/polisecuador.org\\\/?s={search_term_string}\"},\"query-input\":{\"@type\":\"PropertyValueSpecification\",\"valueRequired\":true,\"valueName\":\"search_term_string\"}}],\"inLanguage\":\"en-US\"},{\"@type\":\"Organization\",\"@id\":\"https:\\\/\\\/polisecuador.org\\\/#organization\",\"name\":\"Polis Ecuador\",\"url\":\"https:\\\/\\\/polisecuador.org\\\/\",\"logo\":{\"@type\":\"ImageObject\",\"inLanguage\":\"en-US\",\"@id\":\"https:\\\/\\\/polisecuador.org\\\/#\\\/schema\\\/logo\\\/image\\\/\",\"url\":\"https:\\\/\\\/polisecuador.org\\\/wp-content\\\/uploads\\\/2023\\\/04\\\/polis-web.svg\",\"contentUrl\":\"https:\\\/\\\/polisecuador.org\\\/wp-content\\\/uploads\\\/2023\\\/04\\\/polis-web.svg\",\"width\":1391.69000000000005456968210637569427490234375,\"height\":754.1299999999999954525264911353588104248046875,\"caption\":\"Polis Ecuador\"},\"image\":{\"@id\":\"https:\\\/\\\/polisecuador.org\\\/#\\\/schema\\\/logo\\\/image\\\/\"},\"sameAs\":[\"https:\\\/\\\/www.facebook.com\\\/polisecuador\",\"https:\\\/\\\/x.com\\\/polisecuador\"]},{\"@type\":\"Person\",\"@id\":\"https:\\\/\\\/polisecuador.org\\\/#\\\/schema\\\/person\\\/4dc7b2ec4b75a49899f54862f64d0624\",\"name\":\"#ConstruyendoFuturo\",\"image\":{\"@type\":\"ImageObject\",\"inLanguage\":\"en-US\",\"@id\":\"https:\\\/\\\/secure.gravatar.com\\\/avatar\\\/943e6c3faf183c9582bb5d6cc75cec372c33b5f9a397b7a063941c69d13f174e?s=96&d=mm&r=g\",\"url\":\"https:\\\/\\\/secure.gravatar.com\\\/avatar\\\/943e6c3faf183c9582bb5d6cc75cec372c33b5f9a397b7a063941c69d13f174e?s=96&d=mm&r=g\",\"contentUrl\":\"https:\\\/\\\/secure.gravatar.com\\\/avatar\\\/943e6c3faf183c9582bb5d6cc75cec372c33b5f9a397b7a063941c69d13f174e?s=96&d=mm&r=g\",\"caption\":\"#ConstruyendoFuturo\"},\"sameAs\":[\"https:\\\/\\\/polisecuador.org\"],\"url\":\"https:\\\/\\\/polisecuador.org\\\/en\\\/author\\\/admin\\\/\"}]}<\/script>\n<!-- \/ Yoast SEO plugin. -->","yoast_head_json":{"title":"Aval Acad\u00e9mico en Santanamun VIII Edici\u00f3n - Polis Ecuador","robots":{"index":"index","follow":"follow","max-snippet":"max-snippet:-1","max-image-preview":"max-image-preview:large","max-video-preview":"max-video-preview:-1"},"canonical":"https:\/\/polisecuador.org\/en\/2024\/05\/23\/aval-academico-en-santanamun-viii-edicion\/","og_locale":"en_US","og_type":"article","og_title":"Aval Acad\u00e9mico en Santanamun VIII Edici\u00f3n - Polis Ecuador","og_description":"POLIS Academia de Formaci\u00f3n Pol\u00edtica aval\u00f3 y apoy\u00f3 la VIII Edici\u00f3n del Santanamun, fortaleciendo el desarrollo acad\u00e9mico y c\u00edvico juvenil.","og_url":"https:\/\/polisecuador.org\/en\/2024\/05\/23\/aval-academico-en-santanamun-viii-edicion\/","og_site_name":"Polis Ecuador","article_publisher":"https:\/\/www.facebook.com\/polisecuador","article_published_time":"2024-05-23T12:30:14+00:00","og_image":[{"width":2560,"height":1707,"url":"https:\/\/polisecuador.org\/wp-content\/uploads\/2024\/05\/Aajp-2-scaled.jpg","type":"image\/jpeg"}],"author":"#ConstruyendoFuturo","twitter_card":"summary_large_image","twitter_creator":"@polisecuador","twitter_site":"@polisecuador","twitter_misc":{"Written by":"#ConstruyendoFuturo","Est. reading time":"2 minutes"},"schema":{"@context":"https:\/\/schema.org","@graph":[{"@type":"Article","@id":"https:\/\/polisecuador.org\/2024\/05\/23\/aval-academico-en-santanamun-viii-edicion\/#article","isPartOf":{"@id":"https:\/\/polisecuador.org\/2024\/05\/23\/aval-academico-en-santanamun-viii-edicion\/"},"author":{"name":"#ConstruyendoFuturo","@id":"https:\/\/polisecuador.org\/#\/schema\/person\/4dc7b2ec4b75a49899f54862f64d0624"},"headline":"Aval Acad\u00e9mico en Santanamun VIII Edici\u00f3n","datePublished":"2024-05-23T12:30:14+00:00","mainEntityOfPage":{"@id":"https:\/\/polisecuador.org\/2024\/05\/23\/aval-academico-en-santanamun-viii-edicion\/"},"wordCount":317,"commentCount":0,"publisher":{"@id":"https:\/\/polisecuador.org\/#organization"},"image":{"@id":"https:\/\/polisecuador.org\/2024\/05\/23\/aval-academico-en-santanamun-viii-edicion\/#primaryimage"},"thumbnailUrl":"https:\/\/polisecuador.org\/wp-content\/uploads\/2024\/05\/Aajp-2-scaled.jpg","articleSection":["Noticias Polis"],"inLanguage":"en-US","potentialAction":[{"@type":"CommentAction","name":"Comment","target":["https:\/\/polisecuador.org\/2024\/05\/23\/aval-academico-en-santanamun-viii-edicion\/#respond"]}]},{"@type":"WebPage","@id":"https:\/\/polisecuador.org\/2024\/05\/23\/aval-academico-en-santanamun-viii-edicion\/","url":"https:\/\/polisecuador.org\/2024\/05\/23\/aval-academico-en-santanamun-viii-edicion\/","name":"Aval Acad\u00e9mico en Santanamun VIII Edici\u00f3n - Polis Ecuador","isPartOf":{"@id":"https:\/\/polisecuador.org\/#website"},"primaryImageOfPage":{"@id":"https:\/\/polisecuador.org\/2024\/05\/23\/aval-academico-en-santanamun-viii-edicion\/#primaryimage"},"image":{"@id":"https:\/\/polisecuador.org\/2024\/05\/23\/aval-academico-en-santanamun-viii-edicion\/#primaryimage"},"thumbnailUrl":"https:\/\/polisecuador.org\/wp-content\/uploads\/2024\/05\/Aajp-2-scaled.jpg","datePublished":"2024-05-23T12:30:14+00:00","breadcrumb":{"@id":"https:\/\/polisecuador.org\/2024\/05\/23\/aval-academico-en-santanamun-viii-edicion\/#breadcrumb"},"inLanguage":"en-US","potentialAction":[{"@type":"ReadAction","target":["https:\/\/polisecuador.org\/2024\/05\/23\/aval-academico-en-santanamun-viii-edicion\/"]}]},{"@type":"ImageObject","inLanguage":"en-US","@id":"https:\/\/polisecuador.org\/2024\/05\/23\/aval-academico-en-santanamun-viii-edicion\/#primaryimage","url":"https:\/\/polisecuador.org\/wp-content\/uploads\/2024\/05\/Aajp-2-scaled.jpg","contentUrl":"https:\/\/polisecuador.org\/wp-content\/uploads\/2024\/05\/Aajp-2-scaled.jpg","width":2560,"height":1707},{"@type":"BreadcrumbList","@id":"https:\/\/polisecuador.org\/2024\/05\/23\/aval-academico-en-santanamun-viii-edicion\/#breadcrumb","itemListElement":[{"@type":"ListItem","position":1,"name":"Portada","item":"https:\/\/polisecuador.org\/"},{"@type":"ListItem","position":2,"name":"Aval Acad\u00e9mico en Santanamun VIII Edici\u00f3n"}]},{"@type":"WebSite","@id":"https:\/\/polisecuador.org\/#website","url":"https:\/\/polisecuador.org\/","name":"Polis Ecuador","description":"Academia de Formaci\u00f3n Pol\u00edtica","publisher":{"@id":"https:\/\/polisecuador.org\/#organization"},"potentialAction":[{"@type":"SearchAction","target":{"@type":"EntryPoint","urlTemplate":"https:\/\/polisecuador.org\/?s={search_term_string}"},"query-input":{"@type":"PropertyValueSpecification","valueRequired":true,"valueName":"search_term_string"}}],"inLanguage":"en-US"},{"@type":"Organization","@id":"https:\/\/polisecuador.org\/#organization","name":"Polis Ecuador","url":"https:\/\/polisecuador.org\/","logo":{"@type":"ImageObject","inLanguage":"en-US","@id":"https:\/\/polisecuador.org\/#\/schema\/logo\/image\/","url":"https:\/\/polisecuador.org\/wp-content\/uploads\/2023\/04\/polis-web.svg","contentUrl":"https:\/\/polisecuador.org\/wp-content\/uploads\/2023\/04\/polis-web.svg","width":1391.69000000000005456968210637569427490234375,"height":754.1299999999999954525264911353588104248046875,"caption":"Polis Ecuador"},"image":{"@id":"https:\/\/polisecuador.org\/#\/schema\/logo\/image\/"},"sameAs":["https:\/\/www.facebook.com\/polisecuador","https:\/\/x.com\/polisecuador"]},{"@type":"Person","@id":"https:\/\/polisecuador.org\/#\/schema\/person\/4dc7b2ec4b75a49899f54862f64d0624","name":"#ConstruyendoFuturo","image":{"@type":"ImageObject","inLanguage":"en-US","@id":"https:\/\/secure.gravatar.com\/avatar\/943e6c3faf183c9582bb5d6cc75cec372c33b5f9a397b7a063941c69d13f174e?s=96&d=mm&r=g","url":"https:\/\/secure.gravatar.com\/avatar\/943e6c3faf183c9582bb5d6cc75cec372c33b5f9a397b7a063941c69d13f174e?s=96&d=mm&r=g","contentUrl":"https:\/\/secure.gravatar.com\/avatar\/943e6c3faf183c9582bb5d6cc75cec372c33b5f9a397b7a063941c69d13f174e?s=96&d=mm&r=g","caption":"#ConstruyendoFuturo"},"sameAs":["https:\/\/polisecuador.org"],"url":"https:\/\/polisecuador.org\/en\/author\/admin\/"}]}},"_links":{"self":[{"href":"https:\/\/polisecuador.org\/en\/wp-json\/wp\/v2\/posts\/606","targetHints":{"allow":["GET"]}}],"collection":[{"href":"https:\/\/polisecuador.org\/en\/wp-json\/wp\/v2\/posts"}],"about":[{"href":"https:\/\/polisecuador.org\/en\/wp-json\/wp\/v2\/types\/post"}],"author":[{"embeddable":true,"href":"https:\/\/polisecuador.org\/en\/wp-json\/wp\/v2\/users\/1"}],"replies":[{"embeddable":true,"href":"https:\/\/polisecuador.org\/en\/wp-json\/wp\/v2\/comments?post=606"}],"version-history":[{"count":0,"href":"https:\/\/polisecuador.org\/en\/wp-json\/wp\/v2\/posts\/606\/revisions"}],"wp:featuredmedia":[{"embeddable":true,"href":"https:\/\/polisecuador.org\/en\/wp-json\/wp\/v2\/media\/607"}],"wp:attachment":[{"href":"https:\/\/polisecuador.org\/en\/wp-json\/wp\/v2\/media?parent=606"}],"wp:term":[{"taxonomy":"category","embeddable":true,"href":"https:\/\/polisecuador.org\/en\/wp-json\/wp\/v2\/categories?post=606"},{"taxonomy":"post_tag","embeddable":true,"href":"https:\/\/polisecuador.org\/en\/wp-json\/wp\/v2\/tags?post=606"}],"curies":[{"name":"wp","href":"https:\/\/api.w.org\/{rel}","templated":true}]}}