{"id":633,"date":"2024-07-23T05:35:45","date_gmt":"2024-07-23T05:35:45","guid":{"rendered":"https:\/\/polisecuador.org\/?p=633"},"modified":"2024-07-23T05:35:45","modified_gmt":"2024-07-23T05:35:45","slug":"bielaconproposito-conectando-ideas-y-futuro","status":"publish","type":"post","link":"https:\/\/polisecuador.org\/en\/2024\/07\/23\/bielaconproposito-conectando-ideas-y-futuro\/","title":{"rendered":"#BielaConProp\u00f3sito: Connecting Ideas, and Future"},"content":{"rendered":"<p>In POLIS Academy for Political Education, we believe in the importance of open dialogue and the active participation of young people in shaping the future of Ecuador. With this spirit, we have launched the innovative project&nbsp;<strong>Connecting rod with Purpose<\/strong>a series of workshops that brings together pre-presidential and youth leaders in a relaxed environment conducive to the exchange of ideas.<\/p>\n\n\n\n<p><strong>What is a connecting Rod with Purpose?<\/strong><\/p>\n\n\n\n<p>Connecting rod with Purpose is a series of meetings at which candidates to the Presidency of the Republic and other political actors sit down to talk with 20 representatives of Federations of Universities, Student Associations, and the various organizations of the academy, human rights, gender, among others. These workshops aim to foster a sincere and constructive dialogue on the challenges and opportunities facing our country.<\/p>\n\n\n\n<p><strong>Methodology and Process<\/strong><\/p>\n\n\n\n<p>Each session of Rod with Purpose is carefully organized to maximize the impact and productivity of the dialog. The young participants have the opportunity to ask questions, express their concerns and to submit their proposals directly to the candidates. After each discussion, our rapporteur collect all the proposals and prepares detailed reports, which will be used to construct a proposal juvenile concrete.<\/p>\n\n\n\n<p><strong>An Ongoing Project<\/strong><\/p>\n\n\n\n<p>The project connecting Rod with Purpose began with success on the 13th of July of 2024, with the participation of the precandidata Andrea Gonzalez. Soon, we will count with the presence of other candidates such as Henry Cucal\u00f3n, Luisa Gonzalez, and many more. As we move forward, we continue to invite all candidates and political actors relevant to join this collective effort.<\/p>\n\n\n\n<p><strong>Final Goal<\/strong><\/p>\n\n\n\n<p>The ultimate goal of connecting Rod with Purpose, to develop a proposed comprehensive youth that reflect the aspirations and needs of young people of ecuadorian. This proposal will be presented in a great event with the official candidates for the Presidency, thus consolidating the commitment of the country&#039;s future leaders with the new generations.<\/p>\n\n\n\n<p><strong>Join Us!<\/strong><\/p>\n\n\n\n<p>Connecting rod with Purpose is more than a q &amp; a session; it is a platform for change and active participation. We invite you to follow our events and be part of this exciting project, which aims to transform Equator from the voice of his youth.<\/p>\n\n\n\n<p>For more information and updates, follow our social networks and visit our web page.<\/p>\n\n\n\n<p>Thank you to Kate Lind\u00e3o by the photographic coverage of the conservatories and Gabriela Jaramillo our rapporteur.<\/p>\n<span class=\"et_bloom_bottom_trigger\"><\/span>","protected":false},"excerpt":{"rendered":"<p>Biela con Prop\u00f3sito es un innovador proyecto de POLIS Academia de Formaci\u00f3n Pol\u00edtica, que conecta a precandidatos presidenciales con j\u00f3venes l\u00edderes para un di\u00e1logo constructivo. Iniciado el 13 de julio de 2024, busca construir una propuesta juvenil integral.<\/p>","protected":false},"author":1,"featured_media":632,"comment_status":"open","ping_status":"open","sticky":false,"template":"","format":"standard","meta":{"_acf_changed":false,"_et_pb_use_builder":"off","_et_pb_old_content":"","_et_gb_content_width":"","footnotes":""},"categories":[1],"tags":[],"class_list":["post-633","post","type-post","status-publish","format-standard","has-post-thumbnail","hentry","category-noticias-polis"],"pp_statuses_selecting_workflow":false,"pp_workflow_action":"current","pp_status_selection":"publish","acf":[],"yoast_head":"<!-- This site is optimized with the Yoast SEO plugin v27.5 - https:\/\/yoast.com\/product\/yoast-seo-wordpress\/ -->\n<title>#BielaConProp\u00f3sito: Conectando Ideas y Futuro - Polis Ecuador<\/title>\n<meta name=\"robots\" content=\"index, follow, max-snippet:-1, max-image-preview:large, max-video-preview:-1\" \/>\n<link rel=\"canonical\" href=\"https:\/\/polisecuador.org\/en\/2024\/07\/23\/bielaconproposito-conectando-ideas-y-futuro\/\" \/>\n<meta property=\"og:locale\" content=\"en_US\" \/>\n<meta property=\"og:type\" content=\"article\" \/>\n<meta property=\"og:title\" content=\"#BielaConProp\u00f3sito: Conectando Ideas y Futuro - Polis Ecuador\" \/>\n<meta property=\"og:description\" content=\"Biela con Prop\u00f3sito es un innovador proyecto de POLIS Academia de Formaci\u00f3n Pol\u00edtica, que conecta a precandidatos presidenciales con j\u00f3venes l\u00edderes para un di\u00e1logo constructivo. Iniciado el 13 de julio de 2024, busca construir una propuesta juvenil integral.\" \/>\n<meta property=\"og:url\" content=\"https:\/\/polisecuador.org\/en\/2024\/07\/23\/bielaconproposito-conectando-ideas-y-futuro\/\" \/>\n<meta property=\"og:site_name\" content=\"Polis Ecuador\" \/>\n<meta property=\"article:publisher\" content=\"https:\/\/www.facebook.com\/polisecuador\" \/>\n<meta property=\"article:published_time\" content=\"2024-07-23T05:35:45+00:00\" \/>\n<meta property=\"og:image\" content=\"https:\/\/polisecuador.org\/wp-content\/uploads\/2024\/07\/IMG_7118-2-scaled.jpg\" \/>\n\t<meta property=\"og:image:width\" content=\"2560\" \/>\n\t<meta property=\"og:image:height\" content=\"1727\" \/>\n\t<meta property=\"og:image:type\" content=\"image\/jpeg\" \/>\n<meta name=\"author\" content=\"#ConstruyendoFuturo\" \/>\n<meta name=\"twitter:card\" content=\"summary_large_image\" \/>\n<meta name=\"twitter:creator\" content=\"@polisecuador\" \/>\n<meta name=\"twitter:site\" content=\"@polisecuador\" \/>\n<meta name=\"twitter:label1\" content=\"Written by\" \/>\n\t<meta name=\"twitter:data1\" content=\"#ConstruyendoFuturo\" \/>\n\t<meta name=\"twitter:label2\" content=\"Est. reading time\" \/>\n\t<meta name=\"twitter:data2\" content=\"2 minutes\" \/>\n<script type=\"application\/ld+json\" class=\"yoast-schema-graph\">{\"@context\":\"https:\\\/\\\/schema.org\",\"@graph\":[{\"@type\":\"Article\",\"@id\":\"https:\\\/\\\/polisecuador.org\\\/2024\\\/07\\\/23\\\/bielaconproposito-conectando-ideas-y-futuro\\\/#article\",\"isPartOf\":{\"@id\":\"https:\\\/\\\/polisecuador.org\\\/2024\\\/07\\\/23\\\/bielaconproposito-conectando-ideas-y-futuro\\\/\"},\"author\":{\"name\":\"#ConstruyendoFuturo\",\"@id\":\"https:\\\/\\\/polisecuador.org\\\/#\\\/schema\\\/person\\\/4dc7b2ec4b75a49899f54862f64d0624\"},\"headline\":\"#BielaConProp\u00f3sito: Conectando Ideas y Futuro\",\"datePublished\":\"2024-07-23T05:35:45+00:00\",\"mainEntityOfPage\":{\"@id\":\"https:\\\/\\\/polisecuador.org\\\/2024\\\/07\\\/23\\\/bielaconproposito-conectando-ideas-y-futuro\\\/\"},\"wordCount\":439,\"commentCount\":0,\"publisher\":{\"@id\":\"https:\\\/\\\/polisecuador.org\\\/#organization\"},\"image\":{\"@id\":\"https:\\\/\\\/polisecuador.org\\\/2024\\\/07\\\/23\\\/bielaconproposito-conectando-ideas-y-futuro\\\/#primaryimage\"},\"thumbnailUrl\":\"https:\\\/\\\/polisecuador.org\\\/wp-content\\\/uploads\\\/2024\\\/07\\\/IMG_7118-2-scaled.jpg\",\"articleSection\":[\"Noticias Polis\"],\"inLanguage\":\"en-US\",\"potentialAction\":[{\"@type\":\"CommentAction\",\"name\":\"Comment\",\"target\":[\"https:\\\/\\\/polisecuador.org\\\/2024\\\/07\\\/23\\\/bielaconproposito-conectando-ideas-y-futuro\\\/#respond\"]}]},{\"@type\":\"WebPage\",\"@id\":\"https:\\\/\\\/polisecuador.org\\\/2024\\\/07\\\/23\\\/bielaconproposito-conectando-ideas-y-futuro\\\/\",\"url\":\"https:\\\/\\\/polisecuador.org\\\/2024\\\/07\\\/23\\\/bielaconproposito-conectando-ideas-y-futuro\\\/\",\"name\":\"#BielaConProp\u00f3sito: Conectando Ideas y Futuro - Polis Ecuador\",\"isPartOf\":{\"@id\":\"https:\\\/\\\/polisecuador.org\\\/#website\"},\"primaryImageOfPage\":{\"@id\":\"https:\\\/\\\/polisecuador.org\\\/2024\\\/07\\\/23\\\/bielaconproposito-conectando-ideas-y-futuro\\\/#primaryimage\"},\"image\":{\"@id\":\"https:\\\/\\\/polisecuador.org\\\/2024\\\/07\\\/23\\\/bielaconproposito-conectando-ideas-y-futuro\\\/#primaryimage\"},\"thumbnailUrl\":\"https:\\\/\\\/polisecuador.org\\\/wp-content\\\/uploads\\\/2024\\\/07\\\/IMG_7118-2-scaled.jpg\",\"datePublished\":\"2024-07-23T05:35:45+00:00\",\"breadcrumb\":{\"@id\":\"https:\\\/\\\/polisecuador.org\\\/2024\\\/07\\\/23\\\/bielaconproposito-conectando-ideas-y-futuro\\\/#breadcrumb\"},\"inLanguage\":\"en-US\",\"potentialAction\":[{\"@type\":\"ReadAction\",\"target\":[\"https:\\\/\\\/polisecuador.org\\\/2024\\\/07\\\/23\\\/bielaconproposito-conectando-ideas-y-futuro\\\/\"]}]},{\"@type\":\"ImageObject\",\"inLanguage\":\"en-US\",\"@id\":\"https:\\\/\\\/polisecuador.org\\\/2024\\\/07\\\/23\\\/bielaconproposito-conectando-ideas-y-futuro\\\/#primaryimage\",\"url\":\"https:\\\/\\\/polisecuador.org\\\/wp-content\\\/uploads\\\/2024\\\/07\\\/IMG_7118-2-scaled.jpg\",\"contentUrl\":\"https:\\\/\\\/polisecuador.org\\\/wp-content\\\/uploads\\\/2024\\\/07\\\/IMG_7118-2-scaled.jpg\",\"width\":2560,\"height\":1727},{\"@type\":\"BreadcrumbList\",\"@id\":\"https:\\\/\\\/polisecuador.org\\\/2024\\\/07\\\/23\\\/bielaconproposito-conectando-ideas-y-futuro\\\/#breadcrumb\",\"itemListElement\":[{\"@type\":\"ListItem\",\"position\":1,\"name\":\"Portada\",\"item\":\"https:\\\/\\\/polisecuador.org\\\/\"},{\"@type\":\"ListItem\",\"position\":2,\"name\":\"#BielaConProp\u00f3sito: Conectando Ideas y Futuro\"}]},{\"@type\":\"WebSite\",\"@id\":\"https:\\\/\\\/polisecuador.org\\\/#website\",\"url\":\"https:\\\/\\\/polisecuador.org\\\/\",\"name\":\"Polis Ecuador\",\"description\":\"Academia de Formaci\u00f3n Pol\u00edtica\",\"publisher\":{\"@id\":\"https:\\\/\\\/polisecuador.org\\\/#organization\"},\"potentialAction\":[{\"@type\":\"SearchAction\",\"target\":{\"@type\":\"EntryPoint\",\"urlTemplate\":\"https:\\\/\\\/polisecuador.org\\\/?s={search_term_string}\"},\"query-input\":{\"@type\":\"PropertyValueSpecification\",\"valueRequired\":true,\"valueName\":\"search_term_string\"}}],\"inLanguage\":\"en-US\"},{\"@type\":\"Organization\",\"@id\":\"https:\\\/\\\/polisecuador.org\\\/#organization\",\"name\":\"Polis Ecuador\",\"url\":\"https:\\\/\\\/polisecuador.org\\\/\",\"logo\":{\"@type\":\"ImageObject\",\"inLanguage\":\"en-US\",\"@id\":\"https:\\\/\\\/polisecuador.org\\\/#\\\/schema\\\/logo\\\/image\\\/\",\"url\":\"https:\\\/\\\/polisecuador.org\\\/wp-content\\\/uploads\\\/2023\\\/04\\\/polis-web.svg\",\"contentUrl\":\"https:\\\/\\\/polisecuador.org\\\/wp-content\\\/uploads\\\/2023\\\/04\\\/polis-web.svg\",\"width\":1391.69000000000005456968210637569427490234375,\"height\":754.1299999999999954525264911353588104248046875,\"caption\":\"Polis Ecuador\"},\"image\":{\"@id\":\"https:\\\/\\\/polisecuador.org\\\/#\\\/schema\\\/logo\\\/image\\\/\"},\"sameAs\":[\"https:\\\/\\\/www.facebook.com\\\/polisecuador\",\"https:\\\/\\\/x.com\\\/polisecuador\"]},{\"@type\":\"Person\",\"@id\":\"https:\\\/\\\/polisecuador.org\\\/#\\\/schema\\\/person\\\/4dc7b2ec4b75a49899f54862f64d0624\",\"name\":\"#ConstruyendoFuturo\",\"image\":{\"@type\":\"ImageObject\",\"inLanguage\":\"en-US\",\"@id\":\"https:\\\/\\\/secure.gravatar.com\\\/avatar\\\/943e6c3faf183c9582bb5d6cc75cec372c33b5f9a397b7a063941c69d13f174e?s=96&d=mm&r=g\",\"url\":\"https:\\\/\\\/secure.gravatar.com\\\/avatar\\\/943e6c3faf183c9582bb5d6cc75cec372c33b5f9a397b7a063941c69d13f174e?s=96&d=mm&r=g\",\"contentUrl\":\"https:\\\/\\\/secure.gravatar.com\\\/avatar\\\/943e6c3faf183c9582bb5d6cc75cec372c33b5f9a397b7a063941c69d13f174e?s=96&d=mm&r=g\",\"caption\":\"#ConstruyendoFuturo\"},\"sameAs\":[\"https:\\\/\\\/polisecuador.org\"],\"url\":\"https:\\\/\\\/polisecuador.org\\\/en\\\/author\\\/admin\\\/\"}]}<\/script>\n<!-- \/ Yoast SEO plugin. -->","yoast_head_json":{"title":"#BielaConProp\u00f3sito: Conectando Ideas y Futuro - Polis Ecuador","robots":{"index":"index","follow":"follow","max-snippet":"max-snippet:-1","max-image-preview":"max-image-preview:large","max-video-preview":"max-video-preview:-1"},"canonical":"https:\/\/polisecuador.org\/en\/2024\/07\/23\/bielaconproposito-conectando-ideas-y-futuro\/","og_locale":"en_US","og_type":"article","og_title":"#BielaConProp\u00f3sito: Conectando Ideas y Futuro - Polis Ecuador","og_description":"Biela con Prop\u00f3sito es un innovador proyecto de POLIS Academia de Formaci\u00f3n Pol\u00edtica, que conecta a precandidatos presidenciales con j\u00f3venes l\u00edderes para un di\u00e1logo constructivo. Iniciado el 13 de julio de 2024, busca construir una propuesta juvenil integral.","og_url":"https:\/\/polisecuador.org\/en\/2024\/07\/23\/bielaconproposito-conectando-ideas-y-futuro\/","og_site_name":"Polis Ecuador","article_publisher":"https:\/\/www.facebook.com\/polisecuador","article_published_time":"2024-07-23T05:35:45+00:00","og_image":[{"width":2560,"height":1727,"url":"https:\/\/polisecuador.org\/wp-content\/uploads\/2024\/07\/IMG_7118-2-scaled.jpg","type":"image\/jpeg"}],"author":"#ConstruyendoFuturo","twitter_card":"summary_large_image","twitter_creator":"@polisecuador","twitter_site":"@polisecuador","twitter_misc":{"Written by":"#ConstruyendoFuturo","Est. reading time":"2 minutes"},"schema":{"@context":"https:\/\/schema.org","@graph":[{"@type":"Article","@id":"https:\/\/polisecuador.org\/2024\/07\/23\/bielaconproposito-conectando-ideas-y-futuro\/#article","isPartOf":{"@id":"https:\/\/polisecuador.org\/2024\/07\/23\/bielaconproposito-conectando-ideas-y-futuro\/"},"author":{"name":"#ConstruyendoFuturo","@id":"https:\/\/polisecuador.org\/#\/schema\/person\/4dc7b2ec4b75a49899f54862f64d0624"},"headline":"#BielaConProp\u00f3sito: Conectando Ideas y Futuro","datePublished":"2024-07-23T05:35:45+00:00","mainEntityOfPage":{"@id":"https:\/\/polisecuador.org\/2024\/07\/23\/bielaconproposito-conectando-ideas-y-futuro\/"},"wordCount":439,"commentCount":0,"publisher":{"@id":"https:\/\/polisecuador.org\/#organization"},"image":{"@id":"https:\/\/polisecuador.org\/2024\/07\/23\/bielaconproposito-conectando-ideas-y-futuro\/#primaryimage"},"thumbnailUrl":"https:\/\/polisecuador.org\/wp-content\/uploads\/2024\/07\/IMG_7118-2-scaled.jpg","articleSection":["Noticias Polis"],"inLanguage":"en-US","potentialAction":[{"@type":"CommentAction","name":"Comment","target":["https:\/\/polisecuador.org\/2024\/07\/23\/bielaconproposito-conectando-ideas-y-futuro\/#respond"]}]},{"@type":"WebPage","@id":"https:\/\/polisecuador.org\/2024\/07\/23\/bielaconproposito-conectando-ideas-y-futuro\/","url":"https:\/\/polisecuador.org\/2024\/07\/23\/bielaconproposito-conectando-ideas-y-futuro\/","name":"#BielaConProp\u00f3sito: Conectando Ideas y Futuro - Polis Ecuador","isPartOf":{"@id":"https:\/\/polisecuador.org\/#website"},"primaryImageOfPage":{"@id":"https:\/\/polisecuador.org\/2024\/07\/23\/bielaconproposito-conectando-ideas-y-futuro\/#primaryimage"},"image":{"@id":"https:\/\/polisecuador.org\/2024\/07\/23\/bielaconproposito-conectando-ideas-y-futuro\/#primaryimage"},"thumbnailUrl":"https:\/\/polisecuador.org\/wp-content\/uploads\/2024\/07\/IMG_7118-2-scaled.jpg","datePublished":"2024-07-23T05:35:45+00:00","breadcrumb":{"@id":"https:\/\/polisecuador.org\/2024\/07\/23\/bielaconproposito-conectando-ideas-y-futuro\/#breadcrumb"},"inLanguage":"en-US","potentialAction":[{"@type":"ReadAction","target":["https:\/\/polisecuador.org\/2024\/07\/23\/bielaconproposito-conectando-ideas-y-futuro\/"]}]},{"@type":"ImageObject","inLanguage":"en-US","@id":"https:\/\/polisecuador.org\/2024\/07\/23\/bielaconproposito-conectando-ideas-y-futuro\/#primaryimage","url":"https:\/\/polisecuador.org\/wp-content\/uploads\/2024\/07\/IMG_7118-2-scaled.jpg","contentUrl":"https:\/\/polisecuador.org\/wp-content\/uploads\/2024\/07\/IMG_7118-2-scaled.jpg","width":2560,"height":1727},{"@type":"BreadcrumbList","@id":"https:\/\/polisecuador.org\/2024\/07\/23\/bielaconproposito-conectando-ideas-y-futuro\/#breadcrumb","itemListElement":[{"@type":"ListItem","position":1,"name":"Portada","item":"https:\/\/polisecuador.org\/"},{"@type":"ListItem","position":2,"name":"#BielaConProp\u00f3sito: Conectando Ideas y Futuro"}]},{"@type":"WebSite","@id":"https:\/\/polisecuador.org\/#website","url":"https:\/\/polisecuador.org\/","name":"Polis Ecuador","description":"Academia de Formaci\u00f3n Pol\u00edtica","publisher":{"@id":"https:\/\/polisecuador.org\/#organization"},"potentialAction":[{"@type":"SearchAction","target":{"@type":"EntryPoint","urlTemplate":"https:\/\/polisecuador.org\/?s={search_term_string}"},"query-input":{"@type":"PropertyValueSpecification","valueRequired":true,"valueName":"search_term_string"}}],"inLanguage":"en-US"},{"@type":"Organization","@id":"https:\/\/polisecuador.org\/#organization","name":"Polis Ecuador","url":"https:\/\/polisecuador.org\/","logo":{"@type":"ImageObject","inLanguage":"en-US","@id":"https:\/\/polisecuador.org\/#\/schema\/logo\/image\/","url":"https:\/\/polisecuador.org\/wp-content\/uploads\/2023\/04\/polis-web.svg","contentUrl":"https:\/\/polisecuador.org\/wp-content\/uploads\/2023\/04\/polis-web.svg","width":1391.69000000000005456968210637569427490234375,"height":754.1299999999999954525264911353588104248046875,"caption":"Polis Ecuador"},"image":{"@id":"https:\/\/polisecuador.org\/#\/schema\/logo\/image\/"},"sameAs":["https:\/\/www.facebook.com\/polisecuador","https:\/\/x.com\/polisecuador"]},{"@type":"Person","@id":"https:\/\/polisecuador.org\/#\/schema\/person\/4dc7b2ec4b75a49899f54862f64d0624","name":"#ConstruyendoFuturo","image":{"@type":"ImageObject","inLanguage":"en-US","@id":"https:\/\/secure.gravatar.com\/avatar\/943e6c3faf183c9582bb5d6cc75cec372c33b5f9a397b7a063941c69d13f174e?s=96&d=mm&r=g","url":"https:\/\/secure.gravatar.com\/avatar\/943e6c3faf183c9582bb5d6cc75cec372c33b5f9a397b7a063941c69d13f174e?s=96&d=mm&r=g","contentUrl":"https:\/\/secure.gravatar.com\/avatar\/943e6c3faf183c9582bb5d6cc75cec372c33b5f9a397b7a063941c69d13f174e?s=96&d=mm&r=g","caption":"#ConstruyendoFuturo"},"sameAs":["https:\/\/polisecuador.org"],"url":"https:\/\/polisecuador.org\/en\/author\/admin\/"}]}},"_links":{"self":[{"href":"https:\/\/polisecuador.org\/en\/wp-json\/wp\/v2\/posts\/633","targetHints":{"allow":["GET"]}}],"collection":[{"href":"https:\/\/polisecuador.org\/en\/wp-json\/wp\/v2\/posts"}],"about":[{"href":"https:\/\/polisecuador.org\/en\/wp-json\/wp\/v2\/types\/post"}],"author":[{"embeddable":true,"href":"https:\/\/polisecuador.org\/en\/wp-json\/wp\/v2\/users\/1"}],"replies":[{"embeddable":true,"href":"https:\/\/polisecuador.org\/en\/wp-json\/wp\/v2\/comments?post=633"}],"version-history":[{"count":0,"href":"https:\/\/polisecuador.org\/en\/wp-json\/wp\/v2\/posts\/633\/revisions"}],"wp:featuredmedia":[{"embeddable":true,"href":"https:\/\/polisecuador.org\/en\/wp-json\/wp\/v2\/media\/632"}],"wp:attachment":[{"href":"https:\/\/polisecuador.org\/en\/wp-json\/wp\/v2\/media?parent=633"}],"wp:term":[{"taxonomy":"category","embeddable":true,"href":"https:\/\/polisecuador.org\/en\/wp-json\/wp\/v2\/categories?post=633"},{"taxonomy":"post_tag","embeddable":true,"href":"https:\/\/polisecuador.org\/en\/wp-json\/wp\/v2\/tags?post=633"}],"curies":[{"name":"wp","href":"https:\/\/api.w.org\/{rel}","templated":true}]}}