{"id":93,"name":"Jos\u00e9 Escand\u00f3n","url":"","description":"Muestra inter\u00e9s por las Ciencias Sociales, lo que lo llev\u00f3 a ser Delegado y Capacitador en los Modelos de Naciones Unidas. Estudiante de Derecho en la Universidad del Azuay. Fue Presidente de las Juventudes del Azuay de Construye 25, en la campa\u00f1a de Fernando Villavicencio y actualmente se encuentra formando un movimiento pol\u00edtico con tintes liberales.","link":"https:\/\/polisecuador.org\/en\/author\/jose-escandon\/","slug":"jose-escandon","avatar_urls":{"24":"https:\/\/secure.gravatar.com\/avatar\/c2e656908d0d49647d4ac3c3157b19bb361cdff25c18ff0f37e4df3cf53ad64b?s=24&d=mm&r=g","48":"https:\/\/secure.gravatar.com\/avatar\/c2e656908d0d49647d4ac3c3157b19bb361cdff25c18ff0f37e4df3cf53ad64b?s=48&d=mm&r=g","96":"https:\/\/secure.gravatar.com\/avatar\/c2e656908d0d49647d4ac3c3157b19bb361cdff25c18ff0f37e4df3cf53ad64b?s=96&d=mm&r=g"},"meta":[],"acf":[],"simple_local_avatar":null,"yoast_head":null,"yoast_head_json":null,"_links":{"self":[{"href":"https:\/\/polisecuador.org\/en\/wp-json\/wp\/v2\/users\/93","targetHints":{"allow":["GET"]}}],"collection":[{"href":"https:\/\/polisecuador.org\/en\/wp-json\/wp\/v2\/users"}]}}